{"id":7747,"date":"2018-04-13T19:01:29","date_gmt":"2018-04-13T22:01:29","guid":{"rendered":"https:\/\/blogs.correiobraziliense.com.br\/vicente\/?p=7747"},"modified":"2018-04-14T22:27:52","modified_gmt":"2018-04-15T01:27:52","slug":"fundos-de-pensao-mergulhados-na-corrupcao-e-abrapp-faz-seminario-no-canada","status":"publish","type":"post","link":"https:\/\/blogs.correiobraziliense.com.br\/vicente\/fundos-de-pensao-mergulhados-na-corrupcao-e-abrapp-faz-seminario-no-canada\/","title":{"rendered":"Fundos de pens\u00e3o mergulhados na corrup\u00e7\u00e3o e Abrapp faz semin\u00e1rio no Canad\u00e1"},"content":{"rendered":"<h2>A Associa\u00e7\u00e3o Brasileira das Entidades Fechadas de Previd\u00eancia Complementar (Abrapp) parece estar alheia \u00e0 teia de corrup\u00e7\u00e3o que domina os fundos de pens\u00e3o no pa\u00eds. Mesmo diante das constantes opera\u00e7\u00f5es da Pol\u00edcia Federal para desbaratar quadrilhas que desviaram bilh\u00f5es de trabalhadores em funda\u00e7\u00f5es como a Postalis, o Serpros, a Funcef e a Petros, a entidade decidiu fazer um semin\u00e1rio em Toronto, no Canad\u00e1, entre 27 de maio e 07 de junho. A alega\u00e7\u00e3o \u00e9 de que o encontro \u00e9 de extrema import\u00e2ncia para o setor.<\/h2>\n<p>&nbsp;<\/p>\n<p>O evento est\u00e1 sendo estruturado pela Universidade Corporativa de Previd\u00eancia Complementar (UniAbrapp). O tema: Estrutura, governan\u00e7a e sustentabilidade na Am\u00e9rica do Norte. Cada participante ter\u00e1 que desembolsar US$ 4,5 mil, incluindo a passagem a\u00e9rea. Esse valor, por\u00e9m, ser\u00e1 bancado pelas funda\u00e7\u00f5es nas quais os inscritos trabalham.<\/p>\n<p>&nbsp;<\/p>\n<p>N\u00e3o poderia ser pior o momento para a Abrapp fazer esse tipo de evento no exterior. Deveria, sim, concentrar as energias para cobrar dos fundos de pens\u00e3o que fixem regras mais r\u00edgidas a fim de coibir a roubalheira que impera em muitas funda\u00e7\u00f5es, sobretudo \u00e0s ligadas a empresas estatais.<\/p>\n<p>&nbsp;<\/p>\n<p>A Abrapp, contudo, prefere se calar. Algu\u00e9m viu um de seus representantes levantar a voz contra a corrup\u00e7\u00e3o nos fundos de pens\u00e3o? Ningu\u00e9m o faz por corporativismo. V\u00e1rios dos dirigentes de funda\u00e7\u00f5es que se tornaram alvos da Pol\u00edcia Federal j\u00e1 passaram pela entidade, inclusive em cargos de dire\u00e7\u00e3o.<\/p>\n<p>&nbsp;<\/p>\n<p>Em vez de assumir que o setor est\u00e1 com s\u00e9rios problemas, que o dinheiro do trabalhador para garantir o complemento da aposentadoria n\u00e3o est\u00e1 protegido como deveria, a Abrapp prefere promover um rega-bofe no Canad\u00e1. Os participantes ter\u00e3o direito a levar acompanhantes e estender a viagem por mais tr\u00eas dias.<\/p>\n<p>&nbsp;<\/p>\n<p>Enquanto isso, os trabalhadores da Caixa Econ\u00f4mica Federal, dos Correios e da Petrobras ter\u00e3o que fazer aportes adicionais \u00e0s respectivas funda\u00e7\u00f5es para terem pelo menos o direito de se aposentarem dignamente. Esse \u00e9 o setor de fundos de pens\u00e3o, que, em vez de ocupar as p\u00e1ginas de Economia dos jornais, n\u00e3o saem das p\u00e1ginas policiais.<\/p>\n<p>&nbsp;<\/p>\n<p><em>Bras\u00edlia, 19h01min<\/em><\/p>\n","protected":false},"excerpt":{"rendered":"<p>A Associa\u00e7\u00e3o Brasileira das Entidades Fechadas de Previd\u00eancia Complementar (Abrapp) parece estar alheia \u00e0 teia de corrup\u00e7\u00e3o que domina os fundos de pens\u00e3o no pa\u00eds. Mesmo diante das constantes opera\u00e7\u00f5es da Pol\u00edcia Federal para desbaratar quadrilhas que desviaram bilh\u00f5es de trabalhadores em funda\u00e7\u00f5es como a Postalis, o Serpros, a Funcef e a Petros, a entidade [&hellip;]<\/p>\n","protected":false},"author":22,"featured_media":0,"comment_status":"open","ping_status":"closed","sticky":false,"template":"","format":"standard","meta":{"footnotes":""},"categories":[600],"tags":[193,3287,255,109,178,371,259,3286,3288],"class_list":["post-7747","post","type-post","status-publish","format-standard","hentry","category-economia","tag-abrapp","tag-canada","tag-corrupcao","tag-funcef","tag-fundos-de-pensao","tag-petros","tag-postalis","tag-seminario","tag-toronto"],"_links":{"self":[{"href":"https:\/\/blogs.correiobraziliense.com.br\/vicente\/wp-json\/wp\/v2\/posts\/7747","targetHints":{"allow":["GET"]}}],"collection":[{"href":"https:\/\/blogs.correiobraziliense.com.br\/vicente\/wp-json\/wp\/v2\/posts"}],"about":[{"href":"https:\/\/blogs.correiobraziliense.com.br\/vicente\/wp-json\/wp\/v2\/types\/post"}],"author":[{"embeddable":true,"href":"https:\/\/blogs.correiobraziliense.com.br\/vicente\/wp-json\/wp\/v2\/users\/22"}],"replies":[{"embeddable":true,"href":"https:\/\/blogs.correiobraziliense.com.br\/vicente\/wp-json\/wp\/v2\/comments?post=7747"}],"version-history":[{"count":1,"href":"https:\/\/blogs.correiobraziliense.com.br\/vicente\/wp-json\/wp\/v2\/posts\/7747\/revisions"}],"predecessor-version":[{"id":7748,"href":"https:\/\/blogs.correiobraziliense.com.br\/vicente\/wp-json\/wp\/v2\/posts\/7747\/revisions\/7748"}],"wp:attachment":[{"href":"https:\/\/blogs.correiobraziliense.com.br\/vicente\/wp-json\/wp\/v2\/media?parent=7747"}],"wp:term":[{"taxonomy":"category","embeddable":true,"href":"https:\/\/blogs.correiobraziliense.com.br\/vicente\/wp-json\/wp\/v2\/categories?post=7747"},{"taxonomy":"post_tag","embeddable":true,"href":"https:\/\/blogs.correiobraziliense.com.br\/vicente\/wp-json\/wp\/v2\/tags?post=7747"}],"curies":[{"name":"wp","href":"https:\/\/api.w.org\/{rel}","templated":true}]}}