{"id":7745,"date":"2018-04-13T18:01:09","date_gmt":"2018-04-13T21:01:09","guid":{"rendered":"https:\/\/blogs.correiobraziliense.com.br\/vicente\/?p=7745"},"modified":"2018-04-14T22:38:48","modified_gmt":"2018-04-15T01:38:48","slug":"253-mil-servidores-terao-aumento-em-2019-todos-da-elite-do-funcionalismo","status":"publish","type":"post","link":"https:\/\/blogs.correiobraziliense.com.br\/vicente\/253-mil-servidores-terao-aumento-em-2019-todos-da-elite-do-funcionalismo\/","title":{"rendered":"253 mil servidores ter\u00e3o aumento em 2019. Todos da elite do funcionalismo"},"content":{"rendered":"<h2>ROSANA HESSEL<\/h2>\n<h2><\/h2>\n<h2>O governo encaminhou ao Congresso nesta sexta-feira (13\/04) o Projeto de Lei de Diretrizes Or\u00e7ament\u00e1rias (PLDO) de 2019, que fixou os par\u00e2metros econ\u00f4micos a serem seguidos pelo pr\u00f3ximo presidente da Rep\u00fablica. No documento, est\u00e3o previstos reajustes apenas para a elite do funcionalismo do Executivo Federal. S\u00e3o 253 mil servidores, entre eles, auditores da Receita Federal, funcion\u00e1rios do Banco Central e da Comiss\u00e3o de Valores Mobili\u00e1rios (CVM) e auditores do Tesouro Nacional. Eles ter\u00e3o reajustes entre 4,5% e 6,3%.<\/h2>\n<p>&nbsp;<\/p>\n<p>Esses aumentos se referem \u00e0 ultima parcela do acordo fechado no apagar das luzes do governo de Dilma Rousseff e aprovado pelo Congresso durante a administra\u00e7\u00e3o de Michel Temer. Com isso, a folha de pessoal ter\u00e1 incremento de R$ 20 bilh\u00f5es somente em 2019, passando para R$ 322 bilh\u00f5es.<\/p>\n<p>&nbsp;<\/p>\n<p>Segundo o Minist\u00e9rio do Planejamento, n\u00e3o est\u00e1 previsto nenhum reajuste para os demais servidores. Isso quer dizer que, pelo segundo ano seguido, o carreir\u00e3o, que engloba o grosso do funcionalismo, ficar\u00e1 sem corre\u00e7\u00e3o dos sal\u00e1rios. Eles fecharam acordo em separado durante o governo Dilma. Foi acertado aumento de 10,8%, \u00edndice dividido em duas parcelas, em 2016 e 2017.<\/p>\n<p>&nbsp;<\/p>\n<p><strong>Custo elevado<\/strong><\/p>\n<p>&nbsp;<\/p>\n<p>O peso da folha salarial nas contas p\u00fablicas est\u00e1 cada vez maior. O governo tentou empurrar o aumento previsto para a elite do funcionalismo de 2018 para 2019, mas uma liminar do ministro Ricardo Lewandowski, do Supremo Tribunal Federal (STF) acabou mantendo a corre\u00e7\u00e3o dos sal\u00e1rios neste ano, de 4,75% a 6,65%.<\/p>\n<p>&nbsp;<\/p>\n<p>Ao que tudo indica, o governo desistiu de recorrer contra a liminar dada por Lewandowski. Quando a decis\u00e3o do ministro foi anunciada, o Planejamento afirmou que iria at\u00e9 as \u00faltimas consequ\u00eancias para manter o adiamento do reajuste. Ressaltou, inclusive, que todos os que haviam recebido o aumento teriam que devolv\u00ea-lo.<\/p>\n<p>&nbsp;<\/p>\n<p>O tempo passou e nada foi feito. Segundo fontes, o governo desistiu de comprar briga com o funcionalismo, em especial com carreiras t\u00e3o articuladas e com forte presen\u00e7a no Congresso. A meta \u00e9 que o assunto caia no esquecimento e a Esplanada n\u00e3o se torne um foco de tens\u00e3o em um ano t\u00e3o complicado.<\/p>\n<p>&nbsp;<\/p>\n<p><em>Bras\u00edlia, 18h01min<\/em><\/p>\n","protected":false},"excerpt":{"rendered":"<p>ROSANA HESSEL O governo encaminhou ao Congresso nesta sexta-feira (13\/04) o Projeto de Lei de Diretrizes Or\u00e7ament\u00e1rias (PLDO) de 2019, que fixou os par\u00e2metros econ\u00f4micos a serem seguidos pelo pr\u00f3ximo presidente da Rep\u00fablica. No documento, est\u00e3o previstos reajustes apenas para a elite do funcionalismo do Executivo Federal. S\u00e3o 253 mil servidores, entre eles, auditores da [&hellip;]<\/p>\n","protected":false},"author":22,"featured_media":0,"comment_status":"open","ping_status":"closed","sticky":false,"template":"","format":"standard","meta":{"footnotes":""},"categories":[600],"tags":[2369,133,3284,546,124,123],"class_list":["post-7745","post","type-post","status-publish","format-standard","hentry","category-economia","tag-2369","tag-aumento","tag-elite","tag-funcionalismo","tag-reajustes","tag-servidores"],"_links":{"self":[{"href":"https:\/\/blogs.correiobraziliense.com.br\/vicente\/wp-json\/wp\/v2\/posts\/7745","targetHints":{"allow":["GET"]}}],"collection":[{"href":"https:\/\/blogs.correiobraziliense.com.br\/vicente\/wp-json\/wp\/v2\/posts"}],"about":[{"href":"https:\/\/blogs.correiobraziliense.com.br\/vicente\/wp-json\/wp\/v2\/types\/post"}],"author":[{"embeddable":true,"href":"https:\/\/blogs.correiobraziliense.com.br\/vicente\/wp-json\/wp\/v2\/users\/22"}],"replies":[{"embeddable":true,"href":"https:\/\/blogs.correiobraziliense.com.br\/vicente\/wp-json\/wp\/v2\/comments?post=7745"}],"version-history":[{"count":2,"href":"https:\/\/blogs.correiobraziliense.com.br\/vicente\/wp-json\/wp\/v2\/posts\/7745\/revisions"}],"predecessor-version":[{"id":7761,"href":"https:\/\/blogs.correiobraziliense.com.br\/vicente\/wp-json\/wp\/v2\/posts\/7745\/revisions\/7761"}],"wp:attachment":[{"href":"https:\/\/blogs.correiobraziliense.com.br\/vicente\/wp-json\/wp\/v2\/media?parent=7745"}],"wp:term":[{"taxonomy":"category","embeddable":true,"href":"https:\/\/blogs.correiobraziliense.com.br\/vicente\/wp-json\/wp\/v2\/categories?post=7745"},{"taxonomy":"post_tag","embeddable":true,"href":"https:\/\/blogs.correiobraziliense.com.br\/vicente\/wp-json\/wp\/v2\/tags?post=7745"}],"curies":[{"name":"wp","href":"https:\/\/api.w.org\/{rel}","templated":true}]}}