{"id":7736,"date":"2018-04-12T16:26:24","date_gmt":"2018-04-12T19:26:24","guid":{"rendered":"https:\/\/blogs.correiobraziliense.com.br\/vicente\/?p=7736"},"modified":"2018-04-12T19:31:23","modified_gmt":"2018-04-12T22:31:23","slug":"aecio-ficou-na-uti-registro-foi-colocado-sob-sigilo-no-sistema","status":"publish","type":"post","link":"https:\/\/blogs.correiobraziliense.com.br\/vicente\/aecio-ficou-na-uti-registro-foi-colocado-sob-sigilo-no-sistema\/","title":{"rendered":"A\u00e9cio ficou na UTI.  Registro foi colocado sob sigilo no sistema"},"content":{"rendered":"<h2>O senador A\u00e9cio Neves (PSDB-MG) passou boa parte da manh\u00e3 na UTI do Hospital Santa L\u00facia, em Bras\u00edlia. Ele chegou ao hospital \u00e0s 8h da manh\u00e3 com muita dor de cabe\u00e7a (cefaleia) e n\u00e1useas. Depois de passar por uma s\u00e9rie de exames, foi para o quarto. \u00c0s 14h30, recebeu alta.<\/h2>\n<p>&nbsp;<\/p>\n<p>O registro da interna\u00e7\u00e3o de A\u00e9cio, por\u00e9m, foi retirado do sistema do hospital. Segundo fontes, foi uma forma de preservar o senador, uma figura p\u00fablica que est\u00e1 no centro de uma investiga\u00e7\u00e3o da Opera\u00e7\u00e3o Lava-Jato. Em 17 de abril, o Supremo Tribunal Federal (STF) analisar\u00e1 uma den\u00fancia contra ele.<\/p>\n<p>&nbsp;<\/p>\n<p>Fontes dizem ao <strong>Blog<\/strong> que a interna\u00e7\u00e3o na UTI \u00e9 procedimento comum no caso de autoridades, para evitar qualquer problema. Mas o caso de A\u00e9cio chamou a aten\u00e7\u00e3o dos m\u00e9dicos, pois ele reclamava muito de dores e n\u00e1useas.<\/p>\n<p>&nbsp;<\/p>\n<p>Assim que deixou o hospital, o senador voltou para casa. Ele ter\u00e1 que fazer uma nova bateria de exames para ver qual a raz\u00e3o do mal estar.<\/p>\n<p>&nbsp;<\/p>\n<p><em>Bras\u00edlia, 16h26min<\/em><\/p>\n","protected":false},"excerpt":{"rendered":"<p>O senador A\u00e9cio Neves (PSDB-MG) passou boa parte da manh\u00e3 na UTI do Hospital Santa L\u00facia, em Bras\u00edlia. Ele chegou ao hospital \u00e0s 8h da manh\u00e3 com muita dor de cabe\u00e7a (cefaleia) e n\u00e1useas. Depois de passar por uma s\u00e9rie de exames, foi para o quarto. \u00c0s 14h30, recebeu alta. &nbsp; O registro da interna\u00e7\u00e3o [&hellip;]<\/p>\n","protected":false},"author":22,"featured_media":0,"comment_status":"open","ping_status":"closed","sticky":false,"template":"","format":"standard","meta":{"footnotes":""},"categories":[600],"tags":[2021,3280,3281,3279],"class_list":["post-7736","post","type-post","status-publish","format-standard","hentry","category-economia","tag-aecio-neves","tag-internacao","tag-santa-lucia","tag-uti"],"_links":{"self":[{"href":"https:\/\/blogs.correiobraziliense.com.br\/vicente\/wp-json\/wp\/v2\/posts\/7736","targetHints":{"allow":["GET"]}}],"collection":[{"href":"https:\/\/blogs.correiobraziliense.com.br\/vicente\/wp-json\/wp\/v2\/posts"}],"about":[{"href":"https:\/\/blogs.correiobraziliense.com.br\/vicente\/wp-json\/wp\/v2\/types\/post"}],"author":[{"embeddable":true,"href":"https:\/\/blogs.correiobraziliense.com.br\/vicente\/wp-json\/wp\/v2\/users\/22"}],"replies":[{"embeddable":true,"href":"https:\/\/blogs.correiobraziliense.com.br\/vicente\/wp-json\/wp\/v2\/comments?post=7736"}],"version-history":[{"count":5,"href":"https:\/\/blogs.correiobraziliense.com.br\/vicente\/wp-json\/wp\/v2\/posts\/7736\/revisions"}],"predecessor-version":[{"id":7743,"href":"https:\/\/blogs.correiobraziliense.com.br\/vicente\/wp-json\/wp\/v2\/posts\/7736\/revisions\/7743"}],"wp:attachment":[{"href":"https:\/\/blogs.correiobraziliense.com.br\/vicente\/wp-json\/wp\/v2\/media?parent=7736"}],"wp:term":[{"taxonomy":"category","embeddable":true,"href":"https:\/\/blogs.correiobraziliense.com.br\/vicente\/wp-json\/wp\/v2\/categories?post=7736"},{"taxonomy":"post_tag","embeddable":true,"href":"https:\/\/blogs.correiobraziliense.com.br\/vicente\/wp-json\/wp\/v2\/tags?post=7736"}],"curies":[{"name":"wp","href":"https:\/\/api.w.org\/{rel}","templated":true}]}}