{"id":7720,"date":"2018-04-12T15:32:52","date_gmt":"2018-04-12T18:32:52","guid":{"rendered":"https:\/\/blogs.correiobraziliense.com.br\/vicente\/?p=7720"},"modified":"2018-04-12T18:11:37","modified_gmt":"2018-04-12T21:11:37","slug":"salario-minimo-passara-de-r-1-mil-pela-primeira-vez-em-2019","status":"publish","type":"post","link":"https:\/\/blogs.correiobraziliense.com.br\/vicente\/salario-minimo-passara-de-r-1-mil-pela-primeira-vez-em-2019\/","title":{"rendered":"Sal\u00e1rio m\u00ednimo passar\u00e1 de R$ 1 mil pela primeira vez em 2019"},"content":{"rendered":"<h2>O governo prev\u00ea que o sal\u00e1rio m\u00ednimo passar\u00e1 pela primeira vez de R$ 1 mil em 2019. O valor de R$ 1.002 consta no Projeto de Lei de Diretrizes Or\u00e7ament\u00e1rias (PLDO). O aumento, em rela\u00e7\u00e3o ao valor deste ano, de R$ 954, ser\u00e1 de 5,03%, com ganho real de quase 2%, caso a infla\u00e7\u00e3o fique em 3%, como prev\u00ea parte do mercado financeiro.<\/h2>\n<p>&nbsp;<\/p>\n<p>O novo m\u00ednimo, por\u00e9m, ter\u00e1 que ser ratificado pelo Congresso. E pode ser alterado pelo pr\u00f3prio governo de acordo com as condi\u00e7\u00f5es da economia. A perspectiva \u00e9 de que os R$ 1.002 sejam ratificados quando o Minist\u00e9rio do Planejamento enviar a proposta de Or\u00e7amento da Uni\u00e3o para 2019.<\/p>\n<p>&nbsp;<\/p>\n<p>Desgastado politicamente, o governo quer tirar proveito do novo sal\u00e1rio m\u00ednimo. Dir\u00e1 que ser\u00e1 uma heran\u00e7a de Michel Temer gra\u00e7as ao controle da economia e das contas p\u00fablicas.<\/p>\n<p>&nbsp;<\/p>\n<p>No ano passado, o governo chegou a fixar, na LDO de 2018, sal\u00e1rio m\u00ednimo de R$ 979. Depois, reduziu o valor para R$ 969 e, em seguida, para R$ 954. A alega\u00e7\u00e3o foi de que a infla\u00e7\u00e3o havia ficado mais baixa que o esperado e que era preciso reduzir o impacto nas contas da Previd\u00eancia Social. Pelos c\u00e1lculos do Minist\u00e9rio do Planejamento, o impacto do aumento do m\u00ednimo na Previd\u00eancia ser\u00e1 R$ 16,8 bilh\u00f5es em 2019.<\/p>\n<p>&nbsp;<\/p>\n<p>Al\u00e9m de afetar o caixa do Instituto Nacional do Seguro Social (INSS), o reajuste do m\u00ednimo impacta o or\u00e7amento dos munic\u00edpios, pois muitos servidores recebem o piso salarial.<\/p>\n<p>&nbsp;<\/p>\n<p>O governo ressalta que o m\u00ednimo tem sido um importante instrumento de distribui\u00e7\u00e3o de renda. Muitos analistas consideram que os ganhos reais obtidos nos \u00faltimos anos, sobretudo nos governo de Lula e de Dilma Rousseff, foram mais importantes para a melhoria da condi\u00e7\u00e3o de vida dos mais pobres do que o Bolsa Fam\u00edlia.<\/p>\n<p>&nbsp;<\/p>\n<p>A pol\u00edtica de reajuste do m\u00ednimo prev\u00ea corre\u00e7\u00e3o pela infla\u00e7\u00e3o do ano anterior mais a varia\u00e7\u00e3o do Produto Interno Bruto (PIB) de dois anos antes. Em 2017, a economia registrou crescimento de 1%.<\/p>\n<p>&nbsp;<\/p>\n<p><em>Bras\u00edlia, 15h32min<\/em><\/p>\n","protected":false},"excerpt":{"rendered":"<p>O governo prev\u00ea que o sal\u00e1rio m\u00ednimo passar\u00e1 pela primeira vez de R$ 1 mil em 2019. O valor de R$ 1.002 consta no Projeto de Lei de Diretrizes Or\u00e7ament\u00e1rias (PLDO). O aumento, em rela\u00e7\u00e3o ao valor deste ano, de R$ 954, ser\u00e1 de 5,03%, com ganho real de quase 2%, caso a infla\u00e7\u00e3o fique [&hellip;]<\/p>\n","protected":false},"author":22,"featured_media":0,"comment_status":"open","ping_status":"closed","sticky":false,"template":"","format":"standard","meta":{"footnotes":""},"categories":[600],"tags":[2369,133,521,2567,3278,85],"class_list":["post-7720","post","type-post","status-publish","format-standard","hentry","category-economia","tag-2369","tag-aumento","tag-ldo","tag-minimo","tag-pldo","tag-salario"],"_links":{"self":[{"href":"https:\/\/blogs.correiobraziliense.com.br\/vicente\/wp-json\/wp\/v2\/posts\/7720","targetHints":{"allow":["GET"]}}],"collection":[{"href":"https:\/\/blogs.correiobraziliense.com.br\/vicente\/wp-json\/wp\/v2\/posts"}],"about":[{"href":"https:\/\/blogs.correiobraziliense.com.br\/vicente\/wp-json\/wp\/v2\/types\/post"}],"author":[{"embeddable":true,"href":"https:\/\/blogs.correiobraziliense.com.br\/vicente\/wp-json\/wp\/v2\/users\/22"}],"replies":[{"embeddable":true,"href":"https:\/\/blogs.correiobraziliense.com.br\/vicente\/wp-json\/wp\/v2\/comments?post=7720"}],"version-history":[{"count":16,"href":"https:\/\/blogs.correiobraziliense.com.br\/vicente\/wp-json\/wp\/v2\/posts\/7720\/revisions"}],"predecessor-version":[{"id":7741,"href":"https:\/\/blogs.correiobraziliense.com.br\/vicente\/wp-json\/wp\/v2\/posts\/7720\/revisions\/7741"}],"wp:attachment":[{"href":"https:\/\/blogs.correiobraziliense.com.br\/vicente\/wp-json\/wp\/v2\/media?parent=7720"}],"wp:term":[{"taxonomy":"category","embeddable":true,"href":"https:\/\/blogs.correiobraziliense.com.br\/vicente\/wp-json\/wp\/v2\/categories?post=7720"},{"taxonomy":"post_tag","embeddable":true,"href":"https:\/\/blogs.correiobraziliense.com.br\/vicente\/wp-json\/wp\/v2\/tags?post=7720"}],"curies":[{"name":"wp","href":"https:\/\/api.w.org\/{rel}","templated":true}]}}