{"id":7718,"date":"2018-04-12T06:32:14","date_gmt":"2018-04-12T09:32:14","guid":{"rendered":"https:\/\/blogs.correiobraziliense.com.br\/vicente\/?p=7718"},"modified":"2018-04-12T08:39:45","modified_gmt":"2018-04-12T11:39:45","slug":"correio-economico-crise-politica-atropela-o-crescimento","status":"publish","type":"post","link":"https:\/\/blogs.correiobraziliense.com.br\/vicente\/correio-economico-crise-politica-atropela-o-crescimento\/","title":{"rendered":"Correio Econ\u00f4mico: Crise pol\u00edtica atropela o crescimento"},"content":{"rendered":"<h2>Todos os olhos do setor produtivo est\u00e3o voltados para as pr\u00f3ximas pesquisas de inten\u00e7\u00e3o de voto. H\u00e1 a percep\u00e7\u00e3o entre o empresariado de que, depois da pris\u00e3o de Lula, aumentou, consideravelmente, o n\u00famero de eleitores indecisos, boa parte deles \u00f3rf\u00e3 do petista. A se confirmar esse quadro, as incertezas em rela\u00e7\u00e3o \u00e0 disputa para a Presid\u00eancia da Rep\u00fablica v\u00e3o aumentar. Um baque ao j\u00e1 fr\u00e1gil crescimento da economia.<\/h2>\n<p>&nbsp;<\/p>\n<p>Nas \u00faltimas semanas, v\u00e1rias empresas decidiram reavaliar seus planos de investimentos. O ano havia come\u00e7ado com disposi\u00e7\u00e3o das companhias de tirar das gavetas projetos que estavam parados desde 2015, quando come\u00e7ou a ruir o governo de Dilma Rousseff. Tal perspectiva levou muitos agentes de mercado e do governo a superestimarem o avan\u00e7o do Produto Interno Bruto (PIB) em 2018, alguns falando em taxas superiores a 3%. Agora, as expectativas positivas est\u00e3o murchando.<\/p>\n<p>&nbsp;<\/p>\n<p>Apesar de avalizarem a pris\u00e3o de Lula, os empres\u00e1rios se deram conta do tamanho do buraco que se abriu nas elei\u00e7\u00f5es. Al\u00e9m de n\u00e3o haver um candidato de centro-direita competitivo, s\u00e3o grandes as chances de dois postulantes ao Pal\u00e1cio do Planalto n\u00e3o fechados com a cartilha do mercado chegarem ao segundo turno. Nesse contexto, n\u00e3o h\u00e1, no entender do empresariado, por que correr riscos. Investimentos produtivos exigem previsibilidade, por serem de longo prazo. \u00c9 tudo o que n\u00e3o se tem hoje.<\/p>\n<p>&nbsp;<\/p>\n<p>Sem esses investimentos, o crescimento do PIB vai minguar. N\u00e3o ser\u00e1 surpresa se o resultado final ficar mais pr\u00f3ximo de 2%. Tanto o Minist\u00e9rio da Fazenda quanto o Banco Central jamais dir\u00e3o isso \u2014 n\u00e3o agora. Nem os grandes bancos, porque n\u00e3o querem ficar malvistos no governo. \u201cEstamos diante de um quadro perigoso\u201d, diz um grande industrial. \u201cAs incertezas pol\u00edticas se multiplicaram num momento em que o quadro global se complicou. Est\u00e1 tudo jogando contra o pa\u00eds\u201d, acrescenta.<\/p>\n<p>&nbsp;<\/p>\n<p><b>Inseguran\u00e7a jur\u00eddica<\/b><\/p>\n<p>&nbsp;<\/p>\n<p>N\u00e3o \u00e9 apenas o cen\u00e1rio pol\u00edtico que perturba o setor produtivo. H\u00e1 um enorme desconforto com a expl\u00edcita divis\u00e3o dentro do Judici\u00e1rio, sobretudo no Supremo Tribunal Federal (STF), o que amplia a inseguran\u00e7a jur\u00eddica. O temor de mudan\u00e7a nas regras que permitem pris\u00f5es depois de condena\u00e7\u00f5es em segunda inst\u00e2ncia \u00e9 enorme, assim como a preocupa\u00e7\u00e3o de que o presidente Michel Temer sancione o projeto de lei 7.448\/2017, aprovado pelo Congresso sem qualquer discuss\u00e3o. Se entrar em vigor, o projeto provocar\u00e1 um inaceit\u00e1vel retrocesso na fiscaliza\u00e7\u00e3o de contratos do setor p\u00fablico.<\/p>\n<p>&nbsp;<\/p>\n<p>Para piorar, s\u00e3o vis\u00edveis as d\u00favidas sobre o compromisso do governo em reduzir o deficit fiscal. O novo ministro da Fazenda, Eduardo Guardia, garante que o empenho em arrumar as contas p\u00fablicas est\u00e1 mantido. Mas n\u00e3o se v\u00ea nenhum comprometimento do Pal\u00e1cio do Planalto em negociar com o Congresso a aprova\u00e7\u00e3o de medidas fundamentais para evitar a explos\u00e3o do rombo nas finan\u00e7as federais e o descumprimento da regra de ouro, que impede o pagamento de despesas correntes, como sal\u00e1rios de servidores, por meio da emiss\u00e3o de d\u00edvidas.<\/p>\n<p>&nbsp;<\/p>\n<p>O Instituto Fiscal Independente, ligado ao Senado, afirma que todas as simula\u00e7\u00f5es sugerem insufici\u00eancia de recursos para o cumprimento da regra de ouro entre 2018 e 2024. Isso quer dizer que Temer pode terminar o mandato acusado de descumprir a Lei de Responsabilidade Fiscal (LRF) e o pr\u00f3ximo presidente, sofrer um processo de impeachment. N\u00e3o por acaso, a ficha do mercado come\u00e7ou a cair. O Brasil se tornou um mar de incertezas. As apostas em rela\u00e7\u00e3o ao futuro ficaram caras demais. A fatura a ser paga trar\u00e1 crescimento menor e desemprego acima do desejado. Nem a infla\u00e7\u00e3o rodando pr\u00f3xima de 3% ao ano e os juros nos menores n\u00edveis da hist\u00f3ria est\u00e3o servindo para reduzir o pessimismo. Pobre pa\u00eds.<\/p>\n<p>&nbsp;<\/p>\n<p><i>Bras\u00edlia, 06h32min<\/i><\/p>\n","protected":false},"excerpt":{"rendered":"<p>Todos os olhos do setor produtivo est\u00e3o voltados para as pr\u00f3ximas pesquisas de inten\u00e7\u00e3o de voto. H\u00e1 a percep\u00e7\u00e3o entre o empresariado de que, depois da pris\u00e3o de Lula, aumentou, consideravelmente, o n\u00famero de eleitores indecisos, boa parte deles \u00f3rf\u00e3 do petista. A se confirmar esse quadro, as incertezas em rela\u00e7\u00e3o \u00e0 disputa para a [&hellip;]<\/p>\n","protected":false},"author":22,"featured_media":0,"comment_status":"open","ping_status":"closed","sticky":false,"template":"","format":"standard","meta":{"footnotes":""},"categories":[600],"tags":[113,179,439,58,2787,192],"class_list":["post-7718","post","type-post","status-publish","format-standard","hentry","category-economia","tag-crescimento","tag-crise","tag-judiciario","tag-pib","tag-politica","tag-stf"],"_links":{"self":[{"href":"https:\/\/blogs.correiobraziliense.com.br\/vicente\/wp-json\/wp\/v2\/posts\/7718","targetHints":{"allow":["GET"]}}],"collection":[{"href":"https:\/\/blogs.correiobraziliense.com.br\/vicente\/wp-json\/wp\/v2\/posts"}],"about":[{"href":"https:\/\/blogs.correiobraziliense.com.br\/vicente\/wp-json\/wp\/v2\/types\/post"}],"author":[{"embeddable":true,"href":"https:\/\/blogs.correiobraziliense.com.br\/vicente\/wp-json\/wp\/v2\/users\/22"}],"replies":[{"embeddable":true,"href":"https:\/\/blogs.correiobraziliense.com.br\/vicente\/wp-json\/wp\/v2\/comments?post=7718"}],"version-history":[{"count":1,"href":"https:\/\/blogs.correiobraziliense.com.br\/vicente\/wp-json\/wp\/v2\/posts\/7718\/revisions"}],"predecessor-version":[{"id":7719,"href":"https:\/\/blogs.correiobraziliense.com.br\/vicente\/wp-json\/wp\/v2\/posts\/7718\/revisions\/7719"}],"wp:attachment":[{"href":"https:\/\/blogs.correiobraziliense.com.br\/vicente\/wp-json\/wp\/v2\/media?parent=7718"}],"wp:term":[{"taxonomy":"category","embeddable":true,"href":"https:\/\/blogs.correiobraziliense.com.br\/vicente\/wp-json\/wp\/v2\/categories?post=7718"},{"taxonomy":"post_tag","embeddable":true,"href":"https:\/\/blogs.correiobraziliense.com.br\/vicente\/wp-json\/wp\/v2\/tags?post=7718"}],"curies":[{"name":"wp","href":"https:\/\/api.w.org\/{rel}","templated":true}]}}