{"id":7714,"date":"2018-04-10T16:34:31","date_gmt":"2018-04-10T19:34:31","guid":{"rendered":"https:\/\/blogs.correiobraziliense.com.br\/vicente\/?p=7714"},"modified":"2018-04-10T18:37:45","modified_gmt":"2018-04-10T21:37:45","slug":"excesso-de-funcionarios-comissionados-estimula-corrupcao-diz-auditor-do-tcu","status":"publish","type":"post","link":"https:\/\/blogs.correiobraziliense.com.br\/vicente\/excesso-de-funcionarios-comissionados-estimula-corrupcao-diz-auditor-do-tcu\/","title":{"rendered":"&#8220;Excesso de funcion\u00e1rios comissionados estimula corrup\u00e7\u00e3o&#8221;, diz auditor do TCU"},"content":{"rendered":"<h2>Consultor Jur\u00eddico do Tribunal de Contas da Uni\u00e3o (TCU), o auditor Odilon Cavallari diz que o excesso de funcion\u00e1rios comissionados no governo abre as portas para a corrup\u00e7\u00e3o. Segundo ele, h\u00e1 gente qualificada exercendo fun\u00e7\u00f5es comissionadas, mas a grande rotatividade nos cargos abre espa\u00e7o para desmandos. &#8220;Muda o governo, mudam os cargos&#8221;, diz ele, em entrevista ao programa <strong>CB.Poder<\/strong>, uma parceria entre o <strong>Correio Braziliense<\/strong> e a <em>Tev\u00ea Bras\u00edlia<\/em>. Isso reduz muito o compromisso com as boas regras da gest\u00e3o p\u00fablica.<\/h2>\n<p>&nbsp;<\/p>\n<p><a href=\"https:\/\/www.youtube.com\/watch?v=PLPcsgt24YE\">https:\/\/www.youtube.com\/watch?v=PLPcsgt24YE<\/a><\/p>\n<p>&nbsp;<\/p>\n<p>Para Cavallari, n\u00e3o bastassem todas as fragilidades inerentes ao setor p\u00fablico, h\u00e1 o risco de a situa\u00e7\u00e3o piorar. Motivo: o Congresso aprovou o projeto de lei 7.448\/2017, que engessa os \u00f3rg\u00e3os fiscalizadores, o Minist\u00e9rio P\u00fablico e o Judici\u00e1rio. Se for sancionado do jeito que est\u00e1 pelo presidente Michel Temer, haver\u00e1 uma invers\u00e3o dos fatos, ou seja, os \u00f3rg\u00e3os de controle ficar\u00e3o respons\u00e1veis por apresentar as provas. Os acusados de desvios de recursos p\u00fablicos ter\u00e3o a defesa facilitada.<\/p>\n<p>&nbsp;<\/p>\n<p><a href=\"https:\/\/www.youtube.com\/watch?v=gVPst4XxBag\">https:\/\/www.youtube.com\/watch?v=gVPst4XxBag<\/a><\/p>\n<p>&nbsp;<\/p>\n<p>&#8220;Temos a expectativa de que o projeto seja vetado integralmente pelo presidente Temer&#8221;. afirma o consultor jur\u00eddico do TCU. Ele destaca que o projeto de lei 7.448\/2017 foi aprovado na C\u00e2mara e no Senado sem qualquer discuss\u00e3o. Os \u00f3rg\u00e3os fiscalizadores n\u00e3o foram chamados para participar dos debates.<\/p>\n<p>&nbsp;<\/p>\n<p>Na avalia\u00e7\u00e3o de Cavallari, estamos diante de um momento crucial. Um ex-presidente da Rep\u00fablica foi preso acusado de corrup\u00e7\u00e3o e lavagem de dinheiro. &#8220;Espero que, a partir de agora, as coisas mudem para melhor&#8221;, afirma. O consultor ressalta que ainda h\u00e1 pessoas que continuam acreditando na impunidade, a despeito das respostas contundentes que o Minist\u00e9rio P\u00fablico e o Judici\u00e1rio t\u00eam dado no combate ao desvios de recursos dos contribuintes.<\/p>\n<p>&nbsp;<\/p>\n<p>Ele destaca ainda o perigo das indica\u00e7\u00f5es pol\u00edticas para os tribunais de contas. No Rio de Janeiro, por exemplo, todos os conselheiros foram presos por corrup\u00e7\u00e3o. O ideal, no entender dele, seria aprovar uma lei nacional que deve mais garantia aos auditores. Isso j\u00e1 foi tentado, mas o lobby contr\u00e1rio acabou prevalecendo.<\/p>\n<p>&nbsp;<\/p>\n<p>Sobre o papel decisivo do TCU no impeachment de Dilma Rousseff, o consultor jur\u00eddico do tribunal afirma que a petista afrontou a Lei de Responsabilidade Fiscal (LRF). E isso configurou crime. O TCU apresentou seus argumentos e o Congresso tomou sua decis\u00e3o. Ele admite que o TCU custa caro, mas garante que institui\u00e7\u00e3o est\u00e1 trabalhando para reduzir seus gastos.<\/p>\n<p>&nbsp;<\/p>\n<p><em>Bras\u00edlia, 16h34min<\/em><\/p>\n","protected":false},"excerpt":{"rendered":"<p>Consultor Jur\u00eddico do Tribunal de Contas da Uni\u00e3o (TCU), o auditor Odilon Cavallari diz que o excesso de funcion\u00e1rios comissionados no governo abre as portas para a corrup\u00e7\u00e3o. Segundo ele, h\u00e1 gente qualificada exercendo fun\u00e7\u00f5es comissionadas, mas a grande rotatividade nos cargos abre espa\u00e7o para desmandos. &#8220;Muda o governo, mudam os cargos&#8221;, diz ele, em [&hellip;]<\/p>\n","protected":false},"author":22,"featured_media":0,"comment_status":"open","ping_status":"closed","sticky":false,"template":"","format":"standard","meta":{"footnotes":""},"categories":[600],"tags":[3274,255,3275,3276,50],"class_list":["post-7714","post","type-post","status-publish","format-standard","hentry","category-economia","tag-comissionados","tag-corrupcao","tag-odilon-cavallari","tag-projeto-de-lei-7-4482017","tag-tcu"],"_links":{"self":[{"href":"https:\/\/blogs.correiobraziliense.com.br\/vicente\/wp-json\/wp\/v2\/posts\/7714","targetHints":{"allow":["GET"]}}],"collection":[{"href":"https:\/\/blogs.correiobraziliense.com.br\/vicente\/wp-json\/wp\/v2\/posts"}],"about":[{"href":"https:\/\/blogs.correiobraziliense.com.br\/vicente\/wp-json\/wp\/v2\/types\/post"}],"author":[{"embeddable":true,"href":"https:\/\/blogs.correiobraziliense.com.br\/vicente\/wp-json\/wp\/v2\/users\/22"}],"replies":[{"embeddable":true,"href":"https:\/\/blogs.correiobraziliense.com.br\/vicente\/wp-json\/wp\/v2\/comments?post=7714"}],"version-history":[{"count":1,"href":"https:\/\/blogs.correiobraziliense.com.br\/vicente\/wp-json\/wp\/v2\/posts\/7714\/revisions"}],"predecessor-version":[{"id":7715,"href":"https:\/\/blogs.correiobraziliense.com.br\/vicente\/wp-json\/wp\/v2\/posts\/7714\/revisions\/7715"}],"wp:attachment":[{"href":"https:\/\/blogs.correiobraziliense.com.br\/vicente\/wp-json\/wp\/v2\/media?parent=7714"}],"wp:term":[{"taxonomy":"category","embeddable":true,"href":"https:\/\/blogs.correiobraziliense.com.br\/vicente\/wp-json\/wp\/v2\/categories?post=7714"},{"taxonomy":"post_tag","embeddable":true,"href":"https:\/\/blogs.correiobraziliense.com.br\/vicente\/wp-json\/wp\/v2\/tags?post=7714"}],"curies":[{"name":"wp","href":"https:\/\/api.w.org\/{rel}","templated":true}]}}