{"id":7710,"date":"2018-04-09T16:30:53","date_gmt":"2018-04-09T19:30:53","guid":{"rendered":"https:\/\/blogs.correiobraziliense.com.br\/vicente\/?p=7710"},"modified":"2018-04-09T17:20:10","modified_gmt":"2018-04-09T20:20:10","slug":"infraero-e-telebras-afundam-em-prejuizos-bilionarios","status":"publish","type":"post","link":"https:\/\/blogs.correiobraziliense.com.br\/vicente\/infraero-e-telebras-afundam-em-prejuizos-bilionarios\/","title":{"rendered":"Infraero e Telebras afundam em preju\u00edzos bilion\u00e1rios"},"content":{"rendered":"<h2>O Minist\u00e9rio do Planejamento faz alarde de que a situa\u00e7\u00e3o das estatais federais est\u00e1 melhorando ano a ano, mas n\u00e3o \u00e9 isso o que se constata na realidade. Basta dar uma olhada mais profunda nos balan\u00e7os da Infraero e da Telebras para ver que a situa\u00e7\u00e3o vai de mal a pior. As duas empresas t\u00eam multiplicado seus preju\u00edzos a cada exerc\u00edcio.<\/h2>\n<p>&nbsp;<\/p>\n<p>Em 2017, as perdas da Infraero, que administra 54 aeroportos,\u00a0 j\u00e1\u00a0 consideradas a privatiza\u00e7\u00f5es dos terminais de Florian\u00f3polis, Fortaleza, Porto Alegre e Salvador, chegaram a R$ 1,8 bilh\u00e3o, quase triplicando em rela\u00e7\u00e3o \u00e0s perdas de R$ 751,6 milh\u00f5es no ano anterior.<\/p>\n<p>&nbsp;<\/p>\n<p>O que chama a aten\u00e7\u00e3o \u00e9 que a Infraero registrou preju\u00edzos mesmo tendo recebido inje\u00e7\u00e3o de R$ 3 bilh\u00f5es do Tesouro Nacional. Foi gra\u00e7as a esse aporte que a empresa voltou a ter patrim\u00f4nio l\u00edquido, agora, de R$ 1,2 bilh\u00e3o. Sem essa bolada, mesmo que vendesse todo o patrim\u00f4nio, a Infraero ainda ficaria com um rombo de R$ 3,9 bilh\u00f5es.<\/p>\n<p>&nbsp;<\/p>\n<p>O pior, ressalta o Grupo Maciel, respons\u00e1vel pela auditoria externa da Infraero, \u00e9 que n\u00e3o se pode confiar nos n\u00fameros apresentados pela empresa. Ou seja, a situa\u00e7\u00e3o pode ser pior do que a retratada no balan\u00e7o de 2017. Em ressalvas nas demonstra\u00e7\u00f5es financeiras da estatal, os auditores dizem que &#8220;a empresa n\u00e3o apresentou controles internos suficientes para garantir que as informa\u00e7\u00f5es cont\u00e1beis est\u00e3o registradas de forma apropriada&#8221;.<\/p>\n<p>&nbsp;<\/p>\n<p>No caso da Telebras, que foi ressuscitada durante os governos de Lula e de Dilma Rousseff, o preju\u00edzo em 2017 alcan\u00e7ou R$ 1,1 bilh\u00e3o, aumentando 43% em rela\u00e7\u00e3o ao rombo do ano anterior, de R$ 769,6 milh\u00f5es. Em seu balan\u00e7o, a estatal garante que 2017 foi um ano hist\u00f3rico, porque &#8220;selou sua marca como uma empresa pioneira em telecomunica\u00e7\u00f5es via sat\u00e9lite&#8221;.<\/p>\n<p>&nbsp;<\/p>\n<p>Para se manter de p\u00e9, por\u00e9m, a Telebras tamb\u00e9m teve que receber recursos do Tesouro Nacional, uma montanha de R$ 1,3 bilh\u00e3o, conforme balan\u00e7o avaliado pela Taticca Auditores Independentes.<\/p>\n<p>&nbsp;<\/p>\n<p>N\u00e3o se sabe por quanto tempo o governo ter\u00e1 que enfiar dinheiro nessas estatais para cobrir os buracos no caixa. O certo \u00e9 que, enquanto estiveram sendo entregues a pol\u00edticos, certamente nunca conseguir\u00e3o andar com pernas pr\u00f3ximas, sem o dinheiro dos contribuintes.<\/p>\n<p>&nbsp;<\/p>\n<p><em>Bras\u00edlia,\u00a0 16h30min<\/em><\/p>\n<p>&nbsp;<\/p>\n","protected":false},"excerpt":{"rendered":"<p>O Minist\u00e9rio do Planejamento faz alarde de que a situa\u00e7\u00e3o das estatais federais est\u00e1 melhorando ano a ano, mas n\u00e3o \u00e9 isso o que se constata na realidade. Basta dar uma olhada mais profunda nos balan\u00e7os da Infraero e da Telebras para ver que a situa\u00e7\u00e3o vai de mal a pior. As duas empresas t\u00eam [&hellip;]<\/p>\n","protected":false},"author":22,"featured_media":0,"comment_status":"open","ping_status":"closed","sticky":false,"template":"","format":"standard","meta":{"footnotes":""},"categories":[600],"tags":[3273,177,544,847,168,1895],"class_list":["post-7710","post","type-post","status-publish","format-standard","hentry","category-economia","tag-balanco","tag-estatais","tag-infraero","tag-planejamento","tag-prejuizos","tag-telebras"],"_links":{"self":[{"href":"https:\/\/blogs.correiobraziliense.com.br\/vicente\/wp-json\/wp\/v2\/posts\/7710","targetHints":{"allow":["GET"]}}],"collection":[{"href":"https:\/\/blogs.correiobraziliense.com.br\/vicente\/wp-json\/wp\/v2\/posts"}],"about":[{"href":"https:\/\/blogs.correiobraziliense.com.br\/vicente\/wp-json\/wp\/v2\/types\/post"}],"author":[{"embeddable":true,"href":"https:\/\/blogs.correiobraziliense.com.br\/vicente\/wp-json\/wp\/v2\/users\/22"}],"replies":[{"embeddable":true,"href":"https:\/\/blogs.correiobraziliense.com.br\/vicente\/wp-json\/wp\/v2\/comments?post=7710"}],"version-history":[{"count":3,"href":"https:\/\/blogs.correiobraziliense.com.br\/vicente\/wp-json\/wp\/v2\/posts\/7710\/revisions"}],"predecessor-version":[{"id":7713,"href":"https:\/\/blogs.correiobraziliense.com.br\/vicente\/wp-json\/wp\/v2\/posts\/7710\/revisions\/7713"}],"wp:attachment":[{"href":"https:\/\/blogs.correiobraziliense.com.br\/vicente\/wp-json\/wp\/v2\/media?parent=7710"}],"wp:term":[{"taxonomy":"category","embeddable":true,"href":"https:\/\/blogs.correiobraziliense.com.br\/vicente\/wp-json\/wp\/v2\/categories?post=7710"},{"taxonomy":"post_tag","embeddable":true,"href":"https:\/\/blogs.correiobraziliense.com.br\/vicente\/wp-json\/wp\/v2\/tags?post=7710"}],"curies":[{"name":"wp","href":"https:\/\/api.w.org\/{rel}","templated":true}]}}