{"id":7690,"date":"2018-04-06T16:24:27","date_gmt":"2018-04-06T19:24:27","guid":{"rendered":"https:\/\/blogs.correiobraziliense.com.br\/vicente\/?p=7690"},"modified":"2018-04-06T17:09:35","modified_gmt":"2018-04-06T20:09:35","slug":"com-negativa-de-habeas-corpus-pelo-stj-situacao-de-lula-de-complica","status":"publish","type":"post","link":"https:\/\/blogs.correiobraziliense.com.br\/vicente\/com-negativa-de-habeas-corpus-pelo-stj-situacao-de-lula-de-complica\/","title":{"rendered":"Com negativa de habeas corpus pelo STJ, situa\u00e7\u00e3o de Lula de complica"},"content":{"rendered":"<h2>A pris\u00e3o do ex-presidente Lula est\u00e1 mais pr\u00f3xima. Com a decis\u00e3o do Superior Tribunal de Justi\u00e7a (STJ) de negar o pedido de habeas corpus feito pela defesa do petista, a Pol\u00edcia Federal acendeu o sinal de alerta. \u00c9 quase imposs\u00edvel que Lula consiga obter alguma decis\u00e3o judicial a seu favor antes das 17h desta sexta-feira (6\/4), quando expira o prazo dado pelo juiz S\u00e9rgio Moro para que ele seja preso.<\/h2>\n<p>&nbsp;<\/p>\n<p>O clima no PT \u00e9 de desespero. Integrantes do partido est\u00e3o assustados com a iminente pris\u00e3o de seu l\u00edder maior. A contagem regressiva j\u00e1 come\u00e7ou. Uma ala importante da legenda est\u00e1 aconselhando o ex-presidente a se entregar. Mas a ala mais radical diz que Lula deve ignorar o prazo dado por Moro e partir para o confronto. Ele est\u00e1 desde a quinta-feira (5\/4) \u00e0 noite na sede do Sindicato dos Metal\u00fargicos do ABC.<\/p>\n<p>&nbsp;<\/p>\n<p>Alguns petistas estavam apostando em um surpresa por parte do Supremo Tribunal Federal (STF), mas um ministro diz que n\u00e3o se pode esperar nada da Corte, n\u00e3o neste momento, para favorecer Lula. Esse ministro afirma que uma liminar impetrada pelos advogados do PEN (Partido Ecol\u00f3gico Nacional), com o intuito de impedir as pris\u00f5es em segunda inst\u00e2ncia at\u00e9 o julgamento das A\u00e7\u00f5es Direta de Constitucionalidade (ADCs) 43 e 44, que tratam do tema, tem pouca chance de prosperar no plen\u00e1rio do STF.<\/p>\n<p>&nbsp;<\/p>\n<p>O ministro, que \u00e9 favor\u00e1vel \u00e0 manuten\u00e7\u00e3o da pris\u00e3o em segunda inst\u00e2ncia, ressalta que, se essas ADCs forem pautadas, ele pedir\u00e1 vistas para que se mantenha a jurisprud\u00eancia atual.<\/p>\n","protected":false},"excerpt":{"rendered":"<p>A pris\u00e3o do ex-presidente Lula est\u00e1 mais pr\u00f3xima. Com a decis\u00e3o do Superior Tribunal de Justi\u00e7a (STJ) de negar o pedido de habeas corpus feito pela defesa do petista, a Pol\u00edcia Federal acendeu o sinal de alerta. \u00c9 quase imposs\u00edvel que Lula consiga obter alguma decis\u00e3o judicial a seu favor antes das 17h desta sexta-feira [&hellip;]<\/p>\n","protected":false},"author":22,"featured_media":0,"comment_status":"open","ping_status":"closed","sticky":false,"template":"","format":"standard","meta":{"footnotes":""},"categories":[600],"tags":[23,351,192,602],"class_list":["post-7690","post","type-post","status-publish","format-standard","hentry","category-economia","tag-lula","tag-prisao","tag-stf","tag-stj"],"_links":{"self":[{"href":"https:\/\/blogs.correiobraziliense.com.br\/vicente\/wp-json\/wp\/v2\/posts\/7690","targetHints":{"allow":["GET"]}}],"collection":[{"href":"https:\/\/blogs.correiobraziliense.com.br\/vicente\/wp-json\/wp\/v2\/posts"}],"about":[{"href":"https:\/\/blogs.correiobraziliense.com.br\/vicente\/wp-json\/wp\/v2\/types\/post"}],"author":[{"embeddable":true,"href":"https:\/\/blogs.correiobraziliense.com.br\/vicente\/wp-json\/wp\/v2\/users\/22"}],"replies":[{"embeddable":true,"href":"https:\/\/blogs.correiobraziliense.com.br\/vicente\/wp-json\/wp\/v2\/comments?post=7690"}],"version-history":[{"count":6,"href":"https:\/\/blogs.correiobraziliense.com.br\/vicente\/wp-json\/wp\/v2\/posts\/7690\/revisions"}],"predecessor-version":[{"id":7698,"href":"https:\/\/blogs.correiobraziliense.com.br\/vicente\/wp-json\/wp\/v2\/posts\/7690\/revisions\/7698"}],"wp:attachment":[{"href":"https:\/\/blogs.correiobraziliense.com.br\/vicente\/wp-json\/wp\/v2\/media?parent=7690"}],"wp:term":[{"taxonomy":"category","embeddable":true,"href":"https:\/\/blogs.correiobraziliense.com.br\/vicente\/wp-json\/wp\/v2\/categories?post=7690"},{"taxonomy":"post_tag","embeddable":true,"href":"https:\/\/blogs.correiobraziliense.com.br\/vicente\/wp-json\/wp\/v2\/tags?post=7690"}],"curies":[{"name":"wp","href":"https:\/\/api.w.org\/{rel}","templated":true}]}}