{"id":7680,"date":"2018-04-06T15:28:25","date_gmt":"2018-04-06T18:28:25","guid":{"rendered":"https:\/\/blogs.correiobraziliense.com.br\/vicente\/?p=7680"},"modified":"2018-04-06T16:32:13","modified_gmt":"2018-04-06T19:32:13","slug":"meirelles-troca-ministerio-da-fazenda-pela-candidatura","status":"publish","type":"post","link":"https:\/\/blogs.correiobraziliense.com.br\/vicente\/meirelles-troca-ministerio-da-fazenda-pela-candidatura\/","title":{"rendered":"Meirelles troca Minist\u00e9rio da Fazenda pela candidatura"},"content":{"rendered":"<h2>HAMILTON FERRARI<\/h2>\n<h2><\/h2>\n<h2>O ministro da Fazenda, Henrique Meirelles, decidiu deixar a pasta para tentar concorrer \u00e0 Presid\u00eancia da Rep\u00fablica pelo MDB. A exonera\u00e7\u00e3o dele sair\u00e1 em uma edi\u00e7\u00e3o extra do Di\u00e1rio Oficial da Uni\u00e3o (DOU). Eduardo Guardia, hoje secret\u00e1rio executivo, vai suced\u00ea-lo.<\/h2>\n<p>&nbsp;<\/p>\n<p>A decis\u00e3o foi tomada depois de uma conversa do ministro com o presidente Michel Temer no Pal\u00e1cio do Planalto. Meirelles queria ter a garantia de que o partido vai apoi\u00e1-lo em sua campanha. O agora ex-minsitro avisou a Temer que n\u00e3o aceita ser vice dele nem de ningu\u00e9m na chapa liderada pelo MDB.<\/p>\n<p>&nbsp;<\/p>\n<p>J\u00e1 fora do minist\u00e9rio, Meirelles come\u00e7ar\u00e1 sua agenda de candidato ainda nesta sexta-feira (6\/4). Ele embarcar\u00e1 com Temer para uma viagem a Salvador. Pelo que foi tra\u00e7ado pelo MDB, no entanto, Meirelles e Temer ter\u00e3o agendas separadas para propagar, Brasil afora, as conquistas do governo.<\/p>\n<p>&nbsp;<\/p>\n<p>Antes de anunciar a sua sa\u00edda da Fazenda, Meirelles chegou a cogitar a ficar no cargo por medo de n\u00e3o ter apoio do MDB caso seja ele o candidato \u00e0 Presid\u00eancia da Rep\u00fablica. Ele foi aconselhado por v\u00e1rios assessores a n\u00e3o se deixar levar pelo canto da sereia do partido. Mas resolveu apostar.<\/p>\n<p>&nbsp;<\/p>\n<p>Meirelles acredita que n\u00e3o tem nada a perder. Diz que fez um excelente trabalho \u00e0 frente da Fazenda. Para ele, \u00e9 ineg\u00e1vel que a politica respons\u00e1vel do governo foi exitosa. Resgatou a confian\u00e7a dos investidores e derrubou a infla\u00e7\u00e3o para o n\u00edvel mais baixo dos \u00faltimos 20 anos, o que permitiu que o Banco Central levasse a taxa b\u00e1sica de juros (Selic) para o n\u00edvel mais baixo da hist\u00f3ria, de 6,50% ao ano.<\/p>\n<p>&nbsp;<\/p>\n<p>Na avalia\u00e7\u00e3o do Meirelles, o Brasil poder\u00e1, tranquilamente, crescer at\u00e9 3% neste ano. Para isso, \u00e9 preciso que se mantenha a responsabilidade fiscal. Ele garante que defender\u00e1, na campanha, a reforma da Previd\u00eancia, que Temer n\u00e3o conseguiu aprovar por falta de apoio do Congresso.<\/p>\n<p>&nbsp;<\/p>\n<p><em>Bras\u00edlia, 15h28min<\/em><\/p>\n","protected":false},"excerpt":{"rendered":"<p>HAMILTON FERRARI O ministro da Fazenda, Henrique Meirelles, decidiu deixar a pasta para tentar concorrer \u00e0 Presid\u00eancia da Rep\u00fablica pelo MDB. A exonera\u00e7\u00e3o dele sair\u00e1 em uma edi\u00e7\u00e3o extra do Di\u00e1rio Oficial da Uni\u00e3o (DOU). Eduardo Guardia, hoje secret\u00e1rio executivo, vai suced\u00ea-lo. &nbsp; A decis\u00e3o foi tomada depois de uma conversa do ministro com o [&hellip;]<\/p>\n","protected":false},"author":22,"featured_media":0,"comment_status":"open","ping_status":"closed","sticky":false,"template":"","format":"standard","meta":{"footnotes":""},"categories":[600],"tags":[845,567,2432],"class_list":["post-7680","post","type-post","status-publish","format-standard","hentry","category-economia","tag-candidatura","tag-fazenda","tag-meirelles"],"_links":{"self":[{"href":"https:\/\/blogs.correiobraziliense.com.br\/vicente\/wp-json\/wp\/v2\/posts\/7680","targetHints":{"allow":["GET"]}}],"collection":[{"href":"https:\/\/blogs.correiobraziliense.com.br\/vicente\/wp-json\/wp\/v2\/posts"}],"about":[{"href":"https:\/\/blogs.correiobraziliense.com.br\/vicente\/wp-json\/wp\/v2\/types\/post"}],"author":[{"embeddable":true,"href":"https:\/\/blogs.correiobraziliense.com.br\/vicente\/wp-json\/wp\/v2\/users\/22"}],"replies":[{"embeddable":true,"href":"https:\/\/blogs.correiobraziliense.com.br\/vicente\/wp-json\/wp\/v2\/comments?post=7680"}],"version-history":[{"count":10,"href":"https:\/\/blogs.correiobraziliense.com.br\/vicente\/wp-json\/wp\/v2\/posts\/7680\/revisions"}],"predecessor-version":[{"id":7696,"href":"https:\/\/blogs.correiobraziliense.com.br\/vicente\/wp-json\/wp\/v2\/posts\/7680\/revisions\/7696"}],"wp:attachment":[{"href":"https:\/\/blogs.correiobraziliense.com.br\/vicente\/wp-json\/wp\/v2\/media?parent=7680"}],"wp:term":[{"taxonomy":"category","embeddable":true,"href":"https:\/\/blogs.correiobraziliense.com.br\/vicente\/wp-json\/wp\/v2\/categories?post=7680"},{"taxonomy":"post_tag","embeddable":true,"href":"https:\/\/blogs.correiobraziliense.com.br\/vicente\/wp-json\/wp\/v2\/tags?post=7680"}],"curies":[{"name":"wp","href":"https:\/\/api.w.org\/{rel}","templated":true}]}}