{"id":7676,"date":"2018-04-06T13:01:14","date_gmt":"2018-04-06T16:01:14","guid":{"rendered":"https:\/\/blogs.correiobraziliense.com.br\/vicente\/?p=7676"},"modified":"2018-04-06T14:48:44","modified_gmt":"2018-04-06T17:48:44","slug":"diretor-da-pf-so-invadira-sindicato-para-prender-lula-se-tiver-respaldo","status":"publish","type":"post","link":"https:\/\/blogs.correiobraziliense.com.br\/vicente\/diretor-da-pf-so-invadira-sindicato-para-prender-lula-se-tiver-respaldo\/","title":{"rendered":"Diretor da PF s\u00f3 invadir\u00e1 sindicato para prender Lula se tiver respaldo"},"content":{"rendered":"<h2>LEONARDO CAVALCANTI<\/h2>\n<h2><\/h2>\n<h2>O diretor da Pol\u00edcia Federal, Rog\u00e9rio Galloro, \u00a0est\u00e1 monitorando pessoalmente todas as a\u00e7\u00f5es em torno da pris\u00e3o do ex-presidente Lula. Segundo policiais que est\u00e3o acompanhando o processo, ele j\u00e1 avisou que cumprir\u00e1 a determina\u00e7\u00e3o de prender o petista caso ele n\u00e3o se entregue at\u00e9 \u00e0s 17h desta sexta-feira (6\/4), como sentenciou o juiz S\u00e9rgio Moro. Galloro vem ressaltando, por\u00e9m, que a PF s\u00f3 invadir\u00e1 a sede do Sindicato do Metal\u00fargicos do ABC, onde est\u00e1 Lula, se houver total respaldo para isso.<\/h2>\n<p>&nbsp;<\/p>\n<p>Galloro \u00e9 um \u00f3timo cumpridor de ordens, mas tamb\u00e9m \u00e9 muito cauteloso. Por isso, est\u00e1 trabalhando para que Lula cumpra a determina\u00e7\u00e3o de Moro e n\u00e3o crie embara\u00e7os para a PF. O ex-presidente vem sendo insuflado por aliados a n\u00e3o se entregar e a se refugiar no sindicato. Certamente, como o pr\u00e9dio onde o petista se encontra est\u00e1 cercado por manifestantes favor\u00e1veis a ele, o risco de haver confronto \u00e9 alto.<\/p>\n<p>&nbsp;<\/p>\n<p>Agentes da PF dizem que est\u00e3o prontos para agir, qualquer que seja a determina\u00e7\u00e3o do comando da corpora\u00e7\u00e3o. A torcida, por\u00e9m, \u00e9 para que tudo transcorra da melhor forma poss\u00edvel. Lula tem at\u00e9 \u00e0s 17h para se entregar, mas haver\u00e1 toler\u00e2ncia com o hor\u00e1rio. O ideal \u00e9 que ele se entregue ainda sob a luz do dia.<\/p>\n<p>&nbsp;<\/p>\n<p>Em Curitiba, o clima tamb\u00e9m \u00e9 de expectativa. O juiz S\u00e9rgio Moro estuda medidas adicionais para convencer Lula a cumprir a ordem de pris\u00e3o. Pessoas pr\u00f3ximas ao juiz explicam que ele pode acelerar outros processos contra o petista, como os que investigam irregularidades no s\u00edtio de Atibaia e em um terreno doado ao Instituto Lula, decretando pris\u00e3o preventiva do ex-presidente, o que derrubaria at\u00e9 poss\u00edveis habeas corpus concedidos pela Justi\u00e7a, pois seriam outros os casos.<\/p>\n<p>&nbsp;<\/p>\n<p>Lula foi condenado a 12 anos e um m\u00eas de pris\u00e3o por ter recebido um triplex da empreiteira OAS em troca de contratos com a Petrobras. A doa\u00e7\u00e3o foi confirmada pelo ex-presidente da empreiteira L\u00e9o Pinheiro, que est\u00e1 preso. Lula diz que \u00e9 inocente e que n\u00e3o h\u00e1 provas concretas de ter sido beneficiado por propina.<\/p>\n<p>&nbsp;<\/p>\n<p><em>Bras\u00edlia, 13h01min<\/em><\/p>\n","protected":false},"excerpt":{"rendered":"<p>LEONARDO CAVALCANTI O diretor da Pol\u00edcia Federal, Rog\u00e9rio Galloro, \u00a0est\u00e1 monitorando pessoalmente todas as a\u00e7\u00f5es em torno da pris\u00e3o do ex-presidente Lula. Segundo policiais que est\u00e3o acompanhando o processo, ele j\u00e1 avisou que cumprir\u00e1 a determina\u00e7\u00e3o de prender o petista caso ele n\u00e3o se entregue at\u00e9 \u00e0s 17h desta sexta-feira (6\/4), como sentenciou o juiz [&hellip;]<\/p>\n","protected":false},"author":22,"featured_media":0,"comment_status":"open","ping_status":"closed","sticky":false,"template":"","format":"standard","meta":{"footnotes":""},"categories":[600],"tags":[23,126,351,3173],"class_list":["post-7676","post","type-post","status-publish","format-standard","hentry","category-economia","tag-lula","tag-policia-federal","tag-prisao","tag-rogerio-galloro"],"_links":{"self":[{"href":"https:\/\/blogs.correiobraziliense.com.br\/vicente\/wp-json\/wp\/v2\/posts\/7676","targetHints":{"allow":["GET"]}}],"collection":[{"href":"https:\/\/blogs.correiobraziliense.com.br\/vicente\/wp-json\/wp\/v2\/posts"}],"about":[{"href":"https:\/\/blogs.correiobraziliense.com.br\/vicente\/wp-json\/wp\/v2\/types\/post"}],"author":[{"embeddable":true,"href":"https:\/\/blogs.correiobraziliense.com.br\/vicente\/wp-json\/wp\/v2\/users\/22"}],"replies":[{"embeddable":true,"href":"https:\/\/blogs.correiobraziliense.com.br\/vicente\/wp-json\/wp\/v2\/comments?post=7676"}],"version-history":[{"count":2,"href":"https:\/\/blogs.correiobraziliense.com.br\/vicente\/wp-json\/wp\/v2\/posts\/7676\/revisions"}],"predecessor-version":[{"id":7678,"href":"https:\/\/blogs.correiobraziliense.com.br\/vicente\/wp-json\/wp\/v2\/posts\/7676\/revisions\/7678"}],"wp:attachment":[{"href":"https:\/\/blogs.correiobraziliense.com.br\/vicente\/wp-json\/wp\/v2\/media?parent=7676"}],"wp:term":[{"taxonomy":"category","embeddable":true,"href":"https:\/\/blogs.correiobraziliense.com.br\/vicente\/wp-json\/wp\/v2\/categories?post=7676"},{"taxonomy":"post_tag","embeddable":true,"href":"https:\/\/blogs.correiobraziliense.com.br\/vicente\/wp-json\/wp\/v2\/tags?post=7676"}],"curies":[{"name":"wp","href":"https:\/\/api.w.org\/{rel}","templated":true}]}}