{"id":7662,"date":"2018-04-06T11:53:40","date_gmt":"2018-04-06T14:53:40","guid":{"rendered":"https:\/\/blogs.correiobraziliense.com.br\/vicente\/?p=7662"},"modified":"2018-04-14T22:34:08","modified_gmt":"2018-04-15T01:34:08","slug":"stj-nega-habeas-corpus-lula","status":"publish","type":"post","link":"https:\/\/blogs.correiobraziliense.com.br\/vicente\/stj-nega-habeas-corpus-lula\/","title":{"rendered":"STJ nega habeas corpus a Lula"},"content":{"rendered":"<h2>O Superior Tribunal de Justi\u00e7a (STJ) negou um habeas corpus para manter o ex-presidente Lula em liberdade. Esse pedido havia sido feito por um cidad\u00e3o comum, um estudante de direito. O STJ ainda n\u00e3o decidiu sobre o pedido feito pela defesa do petista.<\/h2>\n<h2><\/h2>\n<h2>Dentro do PT, ainda \u00e9 grande a expectativa de que o STJ acatar\u00e1 o pedido do petista para se manter em liberdade. Mesmo sem ao posicionamento do STJ, a defesa do petista busca outras alternativas para evitar a pris\u00e3o.<\/h2>\n<p>&nbsp;<\/p>\n<p>Por determina\u00e7\u00e3o do juiz S\u00e9rgio Moro, o ex-presidente deve se apresentar at\u00e9 \u00e0s 17h desta sexta-feira (6\/4) \u00e0 Pol\u00edcia Federal. A ordem de pris\u00e3o foi emitida na quinta-feira (5\/4), com base em \u00a0determina\u00e7\u00e3o\u00a0do Tribunal Regional Federal da 4\u00aa Regi\u00e3o (TRF-4). Se n\u00e3o se apresentar no hor\u00e1rio previsto, Lula ser\u00e1 considerado foragido.<\/p>\n<p>&nbsp;<\/p>\n<p>Desde a noite de quinta-feira, Lula est\u00e1 na sede do Sindicato dos Metal\u00fargicos do ABC. L\u00e1, ele tem se reunido com advogados e lideran\u00e7as do PT para montar a estrat\u00e9gia de se livrar da pris\u00e3o. O pedido de habeas corpus foi impetrado no STJ pela madrugada.<\/p>\n<p>&nbsp;<\/p>\n<p>A movimenta\u00e7\u00e3o em torno do Sindicato dos Metal\u00fargicos \u00e9 grande. Muitos manifestantes fazem vig\u00edlia em defesa do petista. Entre integrantes do PT, cogita-se montar uma resist\u00eancia \u00e0 Pol\u00edcia Federal. Ou seja, Lula montaria uma esp\u00e9cie de quartel general dentro da sede da entidade. Essa estrat\u00e9gia de resist\u00eancia foi antecipada pelo <strong>Blog<\/strong> na quinta-feira.<\/p>\n<p>&nbsp;<\/p>\n<p>Toda a estrutura da Pol\u00edcia Federal est\u00e1 preparada para receber Lula. Foi preparada uma cela especial para o ex-presidente. Mas o petista pode n\u00e3o se apresentar, criando um embara\u00e7o enorme para a PF, que teria de sair \u00e0 ca\u00e7a do petista, elevando a tens\u00e3o no pa\u00eds. H\u00e1 muito divis\u00e3o em torno da pris\u00e3o ou n\u00e3o de Lula.<\/p>\n<p>&nbsp;<\/p>\n<p>Lula ainda tem esperan\u00e7a de que o ministro Marco Aur\u00e9lio Mello, do Supremo Tribunal Federal (STF) tome alguma medida para evitar a pris\u00e3o. Na quarta-feira, 4, Marco Aur\u00e9lio votou por conceder um habeas corpus a Lula, mas foi derrotado pela maioria dos ministros.<\/p>\n","protected":false},"excerpt":{"rendered":"<p>O Superior Tribunal de Justi\u00e7a (STJ) negou um habeas corpus para manter o ex-presidente Lula em liberdade. Esse pedido havia sido feito por um cidad\u00e3o comum, um estudante de direito. O STJ ainda n\u00e3o decidiu sobre o pedido feito pela defesa do petista. Dentro do PT, ainda \u00e9 grande a expectativa de que o STJ [&hellip;]<\/p>\n","protected":false},"author":22,"featured_media":0,"comment_status":"open","ping_status":"closed","sticky":false,"template":"","format":"standard","meta":{"footnotes":""},"categories":[600],"tags":[3290,3289,3267,23,602],"class_list":["post-7662","post","type-post","status-publish","format-standard","hentry","category-economia","tag-direito","tag-estudante","tag-habeas-corpus","tag-lula","tag-stj"],"_links":{"self":[{"href":"https:\/\/blogs.correiobraziliense.com.br\/vicente\/wp-json\/wp\/v2\/posts\/7662","targetHints":{"allow":["GET"]}}],"collection":[{"href":"https:\/\/blogs.correiobraziliense.com.br\/vicente\/wp-json\/wp\/v2\/posts"}],"about":[{"href":"https:\/\/blogs.correiobraziliense.com.br\/vicente\/wp-json\/wp\/v2\/types\/post"}],"author":[{"embeddable":true,"href":"https:\/\/blogs.correiobraziliense.com.br\/vicente\/wp-json\/wp\/v2\/users\/22"}],"replies":[{"embeddable":true,"href":"https:\/\/blogs.correiobraziliense.com.br\/vicente\/wp-json\/wp\/v2\/comments?post=7662"}],"version-history":[{"count":13,"href":"https:\/\/blogs.correiobraziliense.com.br\/vicente\/wp-json\/wp\/v2\/posts\/7662\/revisions"}],"predecessor-version":[{"id":7675,"href":"https:\/\/blogs.correiobraziliense.com.br\/vicente\/wp-json\/wp\/v2\/posts\/7662\/revisions\/7675"}],"wp:attachment":[{"href":"https:\/\/blogs.correiobraziliense.com.br\/vicente\/wp-json\/wp\/v2\/media?parent=7662"}],"wp:term":[{"taxonomy":"category","embeddable":true,"href":"https:\/\/blogs.correiobraziliense.com.br\/vicente\/wp-json\/wp\/v2\/categories?post=7662"},{"taxonomy":"post_tag","embeddable":true,"href":"https:\/\/blogs.correiobraziliense.com.br\/vicente\/wp-json\/wp\/v2\/tags?post=7662"}],"curies":[{"name":"wp","href":"https:\/\/api.w.org\/{rel}","templated":true}]}}