{"id":7646,"date":"2018-04-05T20:31:45","date_gmt":"2018-04-05T23:31:45","guid":{"rendered":"https:\/\/blogs.correiobraziliense.com.br\/vicente\/?p=7646"},"modified":"2018-04-05T22:00:23","modified_gmt":"2018-04-06T01:00:23","slug":"frente-do-planejamento-colnago-quer-plano-estrategico-para-o-pais","status":"publish","type":"post","link":"https:\/\/blogs.correiobraziliense.com.br\/vicente\/frente-do-planejamento-colnago-quer-plano-estrategico-para-o-pais\/","title":{"rendered":"\u00c0 frente do Planejamento, Colnago quer plano estrat\u00e9gico para o pa\u00eds"},"content":{"rendered":"<h2>Esteves Colnago s\u00f3 assumir\u00e1 o Minist\u00e9rio do Planejamento na pr\u00f3xima semana, mas j\u00e1 faz planos para a sua gest\u00e3o. Uma\u00a0das prioridades ser\u00e1 construir um plano estrat\u00e9gico para o Brasil para os pr\u00f3ximos 12 anos em parceria com o Instituto de Pesquisa Econ\u00f4mica Aplicada (Ipea), o Banco Nacional de Desenvolvimento Econ\u00f4mico e Social (BNDES) e o Instituto Brasileiro de Geografia e Estat\u00edstico (IBGE).<\/h2>\n<p>&nbsp;<\/p>\n<p>A proposta ser\u00e1 levada para audi\u00eancia p\u00fablica, com o intuito de receber contribui\u00e7\u00f5es da sociedade. O objetivo, segundo Colnago, \u00e9 resgatar a cren\u00e7a de que o Brasil pode alcan\u00e7ar metas e objetivos de m\u00e9dio e longo prazos. Colnago pretende colocar a proposta em audi\u00eancia at\u00e9 o fim deste m\u00eas. Isso pode ajudar os candidatos \u00e0 Presid\u00eancia da Rep\u00fablica a pensar no Brasil do futuro.<\/p>\n<p>&nbsp;<\/p>\n<p><em>Bras\u00edlia, 20h31min<\/em><\/p>\n","protected":false},"excerpt":{"rendered":"<p>Esteves Colnago s\u00f3 assumir\u00e1 o Minist\u00e9rio do Planejamento na pr\u00f3xima semana, mas j\u00e1 faz planos para a sua gest\u00e3o. Uma\u00a0das prioridades ser\u00e1 construir um plano estrat\u00e9gico para o Brasil para os pr\u00f3ximos 12 anos em parceria com o Instituto de Pesquisa Econ\u00f4mica Aplicada (Ipea), o Banco Nacional de Desenvolvimento Econ\u00f4mico e Social (BNDES) e o [&hellip;]<\/p>\n","protected":false},"author":22,"featured_media":0,"comment_status":"open","ping_status":"closed","sticky":false,"template":"","format":"standard","meta":{"footnotes":""},"categories":[600],"tags":[],"class_list":["post-7646","post","type-post","status-publish","format-standard","hentry","category-economia"],"_links":{"self":[{"href":"https:\/\/blogs.correiobraziliense.com.br\/vicente\/wp-json\/wp\/v2\/posts\/7646","targetHints":{"allow":["GET"]}}],"collection":[{"href":"https:\/\/blogs.correiobraziliense.com.br\/vicente\/wp-json\/wp\/v2\/posts"}],"about":[{"href":"https:\/\/blogs.correiobraziliense.com.br\/vicente\/wp-json\/wp\/v2\/types\/post"}],"author":[{"embeddable":true,"href":"https:\/\/blogs.correiobraziliense.com.br\/vicente\/wp-json\/wp\/v2\/users\/22"}],"replies":[{"embeddable":true,"href":"https:\/\/blogs.correiobraziliense.com.br\/vicente\/wp-json\/wp\/v2\/comments?post=7646"}],"version-history":[{"count":1,"href":"https:\/\/blogs.correiobraziliense.com.br\/vicente\/wp-json\/wp\/v2\/posts\/7646\/revisions"}],"predecessor-version":[{"id":7647,"href":"https:\/\/blogs.correiobraziliense.com.br\/vicente\/wp-json\/wp\/v2\/posts\/7646\/revisions\/7647"}],"wp:attachment":[{"href":"https:\/\/blogs.correiobraziliense.com.br\/vicente\/wp-json\/wp\/v2\/media?parent=7646"}],"wp:term":[{"taxonomy":"category","embeddable":true,"href":"https:\/\/blogs.correiobraziliense.com.br\/vicente\/wp-json\/wp\/v2\/categories?post=7646"},{"taxonomy":"post_tag","embeddable":true,"href":"https:\/\/blogs.correiobraziliense.com.br\/vicente\/wp-json\/wp\/v2\/tags?post=7646"}],"curies":[{"name":"wp","href":"https:\/\/api.w.org\/{rel}","templated":true}]}}