{"id":7636,"date":"2018-04-05T14:30:46","date_gmt":"2018-04-05T17:30:46","guid":{"rendered":"https:\/\/blogs.correiobraziliense.com.br\/vicente\/?p=7636"},"modified":"2018-04-05T15:12:23","modified_gmt":"2018-04-05T18:12:23","slug":"preco-da-gasolina-sobe-mais-de-r-050-em-apenas-um-dia","status":"publish","type":"post","link":"https:\/\/blogs.correiobraziliense.com.br\/vicente\/preco-da-gasolina-sobe-mais-de-r-050-em-apenas-um-dia\/","title":{"rendered":"Pre\u00e7o da gasolina sobe mais de R$ 0,50 em apenas um dia"},"content":{"rendered":"<h2>HAMILTON FERRARI<\/h2>\n<h2><\/h2>\n<h2>Os consumidores que foram abastecer os carros nesta quinta-feira, 5, levaram um susto. Os pre\u00e7os das gasolina dispararam. H\u00e1 casos em que, da noite para o dia, o valor do combust\u00edvel nas bombas saltou mais de R$ 0,50, de R$ 3,989 para R$ 4,549. N\u00e3o h\u00e1 nada que justifique tamanho aumento em t\u00e3o curto espa\u00e7o de tempo.<\/h2>\n<p>&nbsp;<\/p>\n<p>&#8220;Foi um baque quando cheguei ao posto&#8221;, diz o publicit\u00e1rio Jos\u00e9 Alvarenga, 47 anos. &#8220;No \u00faltimo fim de semana, enchi o tanque com a gasolina a R$ 3,999. Agora, estou pagando R$ 4,549. \u00c9 muito. N\u00e3o ouvi nem li nada que justifique esse abuso cometido pelos postos&#8221;, assinala.<\/p>\n<p>&nbsp;<\/p>\n<p>No Setor de Ind\u00fastrias Gr\u00e1ficas (SIG), o litro da gasolina passou de R$ 3,989 para R$ 4,339. &#8220;Foi um salto espetacular. Os consumidores n\u00e3o podem ser prejudicados dessa maneira&#8221;, afirma a servidora p\u00fablica Andressa Cristina, 37. &#8220;Nosso or\u00e7amento j\u00e1 est\u00e1 afetado por muita coisa. Esse pre\u00e7o da gasolina vai prejudicar ainda mais&#8221;, acrescenta.<\/p>\n<p>&nbsp;<\/p>\n<p><a href=\"https:\/\/blogs.correiobraziliense.com.br\/vicente\/wp-content\/uploads\/sites\/16\/2018\/04\/Gasolina433.jpg\" rel=\"attachment wp-att-7637\"><img loading=\"lazy\" decoding=\"async\" class=\"alignnone size-large wp-image-7637\" src=\"https:\/\/blogs.correiobraziliense.com.br\/vicente\/wp-content\/uploads\/sites\/16\/2018\/04\/Gasolina433-1024x985.jpg\" alt=\"Gasolina433\" width=\"1024\" height=\"985\" srcset=\"https:\/\/blogs.correiobraziliense.com.br\/vicente\/wp-content\/uploads\/sites\/16\/2018\/04\/Gasolina433-1024x985.jpg 1024w, https:\/\/blogs.correiobraziliense.com.br\/vicente\/wp-content\/uploads\/sites\/16\/2018\/04\/Gasolina433-300x289.jpg 300w, https:\/\/blogs.correiobraziliense.com.br\/vicente\/wp-content\/uploads\/sites\/16\/2018\/04\/Gasolina433-768x739.jpg 768w, https:\/\/blogs.correiobraziliense.com.br\/vicente\/wp-content\/uploads\/sites\/16\/2018\/04\/Gasolina433-350x337.jpg 350w, https:\/\/blogs.correiobraziliense.com.br\/vicente\/wp-content\/uploads\/sites\/16\/2018\/04\/Gasolina433-550x529.jpg 550w, https:\/\/blogs.correiobraziliense.com.br\/vicente\/wp-content\/uploads\/sites\/16\/2018\/04\/Gasolina433-230x221.jpg 230w, https:\/\/blogs.correiobraziliense.com.br\/vicente\/wp-content\/uploads\/sites\/16\/2018\/04\/Gasolina433.jpg 1280w\" sizes=\"auto, (max-width: 1024px) 100vw, 1024px\" \/><\/a><\/p>\n<p>&nbsp;<\/p>\n<p>Nos postos, como sempre, os argumentos s\u00e3o de que os reajustes s\u00e3o consequ\u00eancias das condi\u00e7\u00f5es de mercado. Os gerentes dizem que a Petrobras voltou a subir os pre\u00e7os nas refinarias, os impostos s\u00e3o pesados e as margens de lucros est\u00e3o muito baixas. Eles, por\u00e9m, n\u00e3o mostram as planilhas de custos.<\/p>\n<p>&nbsp;<\/p>\n<p>O que chamou a aten\u00e7\u00e3o dos consumidores foi o movimento combinado dos postos. Todos aumentaram os pre\u00e7os no mesmo dia. Ou seja, isso s\u00f3 aumenta as suspeitas do governo de que h\u00e1 cartel entre os postos. O Pal\u00e1cio do Planalto, por sinal, pediu uma investiga\u00e7\u00e3o ao Conselho Administrativo de Defesa Econ\u00f4mica (Cade). Contudo, nem um resultado foi apresentado ainda.<\/p>\n<p>&nbsp;<\/p>\n<p>No Distrito Federal, um cartel foi desbaratado no fim de 2015. Em conjunto, a Pol\u00edcia Federal, o Cade e o Minist\u00e9rio P\u00fablico intervieram em uma das maiores redes de postos da capital. Os pre\u00e7os ca\u00edram ao longo do tempo. Mas, recentemente, dispararam, indicando que algo est\u00e1 muito errado.<\/p>\n<p>&nbsp;<\/p>\n<p><em>Bras\u00edlia, 14h30min<\/em><\/p>\n","protected":false},"excerpt":{"rendered":"<p>HAMILTON FERRARI Os consumidores que foram abastecer os carros nesta quinta-feira, 5, levaram um susto. Os pre\u00e7os das gasolina dispararam. H\u00e1 casos em que, da noite para o dia, o valor do combust\u00edvel nas bombas saltou mais de R$ 0,50, de R$ 3,989 para R$ 4,549. N\u00e3o h\u00e1 nada que justifique tamanho aumento em t\u00e3o [&hellip;]<\/p>\n","protected":false},"author":22,"featured_media":0,"comment_status":"open","ping_status":"closed","sticky":false,"template":"","format":"standard","meta":{"footnotes":""},"categories":[600],"tags":[3270,850,268,228,269,1549],"class_list":["post-7636","post","type-post","status-publish","format-standard","hentry","category-economia","tag-3270","tag-alta","tag-gasolina","tag-petrobras","tag-preco","tag-r-0"],"_links":{"self":[{"href":"https:\/\/blogs.correiobraziliense.com.br\/vicente\/wp-json\/wp\/v2\/posts\/7636","targetHints":{"allow":["GET"]}}],"collection":[{"href":"https:\/\/blogs.correiobraziliense.com.br\/vicente\/wp-json\/wp\/v2\/posts"}],"about":[{"href":"https:\/\/blogs.correiobraziliense.com.br\/vicente\/wp-json\/wp\/v2\/types\/post"}],"author":[{"embeddable":true,"href":"https:\/\/blogs.correiobraziliense.com.br\/vicente\/wp-json\/wp\/v2\/users\/22"}],"replies":[{"embeddable":true,"href":"https:\/\/blogs.correiobraziliense.com.br\/vicente\/wp-json\/wp\/v2\/comments?post=7636"}],"version-history":[{"count":1,"href":"https:\/\/blogs.correiobraziliense.com.br\/vicente\/wp-json\/wp\/v2\/posts\/7636\/revisions"}],"predecessor-version":[{"id":7638,"href":"https:\/\/blogs.correiobraziliense.com.br\/vicente\/wp-json\/wp\/v2\/posts\/7636\/revisions\/7638"}],"wp:attachment":[{"href":"https:\/\/blogs.correiobraziliense.com.br\/vicente\/wp-json\/wp\/v2\/media?parent=7636"}],"wp:term":[{"taxonomy":"category","embeddable":true,"href":"https:\/\/blogs.correiobraziliense.com.br\/vicente\/wp-json\/wp\/v2\/categories?post=7636"},{"taxonomy":"post_tag","embeddable":true,"href":"https:\/\/blogs.correiobraziliense.com.br\/vicente\/wp-json\/wp\/v2\/tags?post=7636"}],"curies":[{"name":"wp","href":"https:\/\/api.w.org\/{rel}","templated":true}]}}