{"id":7626,"date":"2018-04-05T12:51:36","date_gmt":"2018-04-05T15:51:36","guid":{"rendered":"https:\/\/blogs.correiobraziliense.com.br\/vicente\/?p=7626"},"modified":"2018-04-05T13:23:59","modified_gmt":"2018-04-05T16:23:59","slug":"temer-convida-denis-rosenfield-para-ser-ministro-da-defesa","status":"publish","type":"post","link":"https:\/\/blogs.correiobraziliense.com.br\/vicente\/temer-convida-denis-rosenfield-para-ser-ministro-da-defesa\/","title":{"rendered":"Temer convida Denis Rosenfield para ser ministro da Defesa"},"content":{"rendered":"<h2>O presidente Michel Temer convidou o fil\u00f3sofo ga\u00facho Denis Lerrer Rosenfield para ser ministro da Defesa. E o convite foi aceito. S\u00f3 falta comunicar \u00e0s tropas.<\/h2>\n<p>&nbsp;<\/p>\n<p>Rosenfield foi indicado pelo ministro Sergio Etchegoyen, do Gabinete de Seguran\u00e7a Institucional. Os dois s\u00e3o amigos. O futuro ministro tem sido um interlocutor importante de Temer. Sempre que poss\u00edvel, os dois se encontram em S\u00e3o Paulo.<\/p>\n<p>&nbsp;<\/p>\n<p>O ga\u00facho Rosenfield tem 67 anos. Ele estudou filosofia na Universidade Nacional Aut\u00f4noma do M\u00e9xico, onde defendeu uma tese sobre a Fenomenologia do Esp\u00edrito, de Hegel. Depois, estudou na Fran\u00e7a, onde, em 1982, obteve o t\u00edtulo de doutor de Estado em Filosofia pela Universidade Paris I (Panth\u00e9on-Sorbonne). Sua tese, denominada \u201cPol\u00edtica e Liberdade em Hegel\u201d, se transformou em livro, publicado em portugu\u00eas, espanhol e franc\u00eas.<\/p>\n<p>&nbsp;<\/p>\n<p>O futuro ministro \u00e9 professor do Departamento de Filosofia da Universidade Federal do Rio Grande do Sul desde 1982. Suas principais influ\u00eancias em filosofia s\u00e3o Thomas Hobbes, Kant e Hegel.<\/p>\n<p>&nbsp;<\/p>\n<p>Hoje, o Minist\u00e9rio da Defesa \u00e9 comandado pelo general Joaquim Silva e Luna, considerado conciliador, mas firme e pragm\u00e1tico. O general, que \u00e9 engenheiro, passou boa parte da carreira construindo estradas na Amaz\u00f4nia. Inicialmente, a ideia de Temer era mant\u00ea-lo no cargo at\u00e9 o fim de seu mandato. Mas os ventos mudaram e o presidente decidiu substitui-lo por Rosenfield.<\/p>\n<p>&nbsp;<\/p>\n<p>O fil\u00f3sofo assumir\u00e1 a Defesa em um momento delicado, de forte insatisfa\u00e7\u00e3o nas For\u00e7as Armadas, sobretudo no Ex\u00e9rcito, onde generais da reserva andam pressionando por um posicionamento mais duro do Alto Comando. Tanto que o chefe do Ex\u00e9rcito, general Eduardo Villas B\u00f4as, foi obrigado a se posicionar nas redes sociais um dia antes de o Supremo Tribunal Federal (STF) votar o habeas corpus de Lula.<\/p>\n<p>&nbsp;<\/p>\n<p>As mensagens de Villas B\u00f4as, dizendo que o Ex\u00e9rcito repudiava a impunidade, casaram muito inc\u00f4modo no governo e na sociedade, pois ressuscitaram o fantasma do golpe militar de 1964.<\/p>\n<p>&nbsp;<\/p>\n<p><em>Bras\u00edlia, 12h51min<\/em><\/p>\n","protected":false},"excerpt":{"rendered":"<p>O presidente Michel Temer convidou o fil\u00f3sofo ga\u00facho Denis Lerrer Rosenfield para ser ministro da Defesa. E o convite foi aceito. S\u00f3 falta comunicar \u00e0s tropas. &nbsp; Rosenfield foi indicado pelo ministro Sergio Etchegoyen, do Gabinete de Seguran\u00e7a Institucional. Os dois s\u00e3o amigos. O futuro ministro tem sido um interlocutor importante de Temer. Sempre que [&hellip;]<\/p>\n","protected":false},"author":22,"featured_media":0,"comment_status":"open","ping_status":"closed","sticky":false,"template":"","format":"standard","meta":{"footnotes":""},"categories":[600],"tags":[],"class_list":["post-7626","post","type-post","status-publish","format-standard","hentry","category-economia"],"_links":{"self":[{"href":"https:\/\/blogs.correiobraziliense.com.br\/vicente\/wp-json\/wp\/v2\/posts\/7626","targetHints":{"allow":["GET"]}}],"collection":[{"href":"https:\/\/blogs.correiobraziliense.com.br\/vicente\/wp-json\/wp\/v2\/posts"}],"about":[{"href":"https:\/\/blogs.correiobraziliense.com.br\/vicente\/wp-json\/wp\/v2\/types\/post"}],"author":[{"embeddable":true,"href":"https:\/\/blogs.correiobraziliense.com.br\/vicente\/wp-json\/wp\/v2\/users\/22"}],"replies":[{"embeddable":true,"href":"https:\/\/blogs.correiobraziliense.com.br\/vicente\/wp-json\/wp\/v2\/comments?post=7626"}],"version-history":[{"count":9,"href":"https:\/\/blogs.correiobraziliense.com.br\/vicente\/wp-json\/wp\/v2\/posts\/7626\/revisions"}],"predecessor-version":[{"id":7635,"href":"https:\/\/blogs.correiobraziliense.com.br\/vicente\/wp-json\/wp\/v2\/posts\/7626\/revisions\/7635"}],"wp:attachment":[{"href":"https:\/\/blogs.correiobraziliense.com.br\/vicente\/wp-json\/wp\/v2\/media?parent=7626"}],"wp:term":[{"taxonomy":"category","embeddable":true,"href":"https:\/\/blogs.correiobraziliense.com.br\/vicente\/wp-json\/wp\/v2\/categories?post=7626"},{"taxonomy":"post_tag","embeddable":true,"href":"https:\/\/blogs.correiobraziliense.com.br\/vicente\/wp-json\/wp\/v2\/tags?post=7626"}],"curies":[{"name":"wp","href":"https:\/\/api.w.org\/{rel}","templated":true}]}}