{"id":7613,"date":"2018-04-05T10:58:24","date_gmt":"2018-04-05T13:58:24","guid":{"rendered":"https:\/\/blogs.correiobraziliense.com.br\/vicente\/?p=7613"},"modified":"2018-04-05T11:17:47","modified_gmt":"2018-04-05T14:17:47","slug":"possivel-prisao-de-lula-faz-bolsa-disparar-e-dolar-cair","status":"publish","type":"post","link":"https:\/\/blogs.correiobraziliense.com.br\/vicente\/possivel-prisao-de-lula-faz-bolsa-disparar-e-dolar-cair\/","title":{"rendered":"Poss\u00edvel pris\u00e3o de Lula faz Bolsa disparar e d\u00f3lar, cair"},"content":{"rendered":"<h2>Os investidores amanheceram a quinta-feira animados com a decis\u00e3o do Supremo Tribunal Federal (STF) de negar o habeas corpus pedido pelo ex-presidente Lula. Na primeira uma hora do preg\u00e3o da Bolsa da Valores de S\u00e3o Paulo (B3), o Ibovespa, \u00edndice que mede a lucratividade das a\u00e7\u00f5es mais negociadas, subiu 2%. J\u00e1 o d\u00f3lar caiu 0,47%, para R$ 3,324 na ponta de venda. Os analistas j\u00e1 veem o d\u00f3lar a R$ 3,27 nos pr\u00f3ximos dias, sobretudo se a pris\u00e3o do petista se confirmar.<\/h2>\n<p>&nbsp;<\/p>\n<p>Para os analistas, por\u00e9m, mais importante do que a pris\u00e3o, \u00e9 Lula ficar fora da disputa pela Presid\u00eancia da Rep\u00fablica. A avalia\u00e7\u00e3o \u00e9 de que, com o petista barrado pela Lei da Ficha Limpa, a candidatura do deputado Jair Bolsonaro vai se esvaziar, podendo surgir um nome forte de centro-direita capaz de atrair a aten\u00e7\u00e3o do eleitorado. A grande pergunta que todos se fazem \u00e9 se o governador de S\u00e3o Paulo, Geraldo Alckmin, do PSDB, \u00e9 realmente esse nome. A maioria dos analistas tem d\u00favidas sobre a capacidade do tucano.<\/p>\n<p>&nbsp;<\/p>\n<p>Apesar da euforia com a decis\u00e3o do STF, ningu\u00e9m espera um longo per\u00edodo de tranquilidade nos mercados. H\u00e1 muita incerteza nas elei\u00e7\u00f5es, o que tem deixado os investidores, sobretudo os estrangeiros, ressabiados com o Brasil. Um quadro mais confort\u00e1vel para o mercado s\u00f3 se confirmar\u00e1 quando as elei\u00e7\u00f5es estiverem mais definidas e, claro, se o candidato que veste o figurino dos donos do dinheiro aparecer bem nas pesquisas de inten\u00e7\u00e3o de votos. Portanto, \u00e9 bom se preparar para fortes emo\u00e7\u00f5es e grandes oscila\u00e7\u00f5es dos ativos.<\/p>\n<p>&nbsp;<\/p>\n<p>Para os investidores, o nome ideal para comandar o pa\u00eds a partir de 2019 \u00e9 o de um reformista. Ou seja, algu\u00e9m que esteja comprometido em fazer as reformas necess\u00e1rias para incrementar o potencial de crescimento da economia, garantindo infla\u00e7\u00e3o e juros em baixa. A maior das reformas ser\u00e1 a da Previd\u00eancia. Se pudessem, os investidores elegeriam Henrique Meirelles, que pode deixar o Minist\u00e9rio da Fazenda para \u00a0disputar o Pal\u00e1cio do Planalto. Ele se filiou ao MDB, mas ainda tem d\u00favidas se realmente deve entrar na disputa. O ministro aparece com 1% das inten\u00e7\u00f5es de votos.<\/p>\n<p>&nbsp;<\/p>\n<p><em>Bras\u00edlia, 10h58min<\/em><\/p>\n","protected":false},"excerpt":{"rendered":"<p>Os investidores amanheceram a quinta-feira animados com a decis\u00e3o do Supremo Tribunal Federal (STF) de negar o habeas corpus pedido pelo ex-presidente Lula. Na primeira uma hora do preg\u00e3o da Bolsa da Valores de S\u00e3o Paulo (B3), o Ibovespa, \u00edndice que mede a lucratividade das a\u00e7\u00f5es mais negociadas, subiu 2%. J\u00e1 o d\u00f3lar caiu 0,47%, [&hellip;]<\/p>\n","protected":false},"author":22,"featured_media":0,"comment_status":"open","ping_status":"closed","sticky":false,"template":"","format":"standard","meta":{"footnotes":""},"categories":[600],"tags":[],"class_list":["post-7613","post","type-post","status-publish","format-standard","hentry","category-economia"],"_links":{"self":[{"href":"https:\/\/blogs.correiobraziliense.com.br\/vicente\/wp-json\/wp\/v2\/posts\/7613","targetHints":{"allow":["GET"]}}],"collection":[{"href":"https:\/\/blogs.correiobraziliense.com.br\/vicente\/wp-json\/wp\/v2\/posts"}],"about":[{"href":"https:\/\/blogs.correiobraziliense.com.br\/vicente\/wp-json\/wp\/v2\/types\/post"}],"author":[{"embeddable":true,"href":"https:\/\/blogs.correiobraziliense.com.br\/vicente\/wp-json\/wp\/v2\/users\/22"}],"replies":[{"embeddable":true,"href":"https:\/\/blogs.correiobraziliense.com.br\/vicente\/wp-json\/wp\/v2\/comments?post=7613"}],"version-history":[{"count":8,"href":"https:\/\/blogs.correiobraziliense.com.br\/vicente\/wp-json\/wp\/v2\/posts\/7613\/revisions"}],"predecessor-version":[{"id":7621,"href":"https:\/\/blogs.correiobraziliense.com.br\/vicente\/wp-json\/wp\/v2\/posts\/7613\/revisions\/7621"}],"wp:attachment":[{"href":"https:\/\/blogs.correiobraziliense.com.br\/vicente\/wp-json\/wp\/v2\/media?parent=7613"}],"wp:term":[{"taxonomy":"category","embeddable":true,"href":"https:\/\/blogs.correiobraziliense.com.br\/vicente\/wp-json\/wp\/v2\/categories?post=7613"},{"taxonomy":"post_tag","embeddable":true,"href":"https:\/\/blogs.correiobraziliense.com.br\/vicente\/wp-json\/wp\/v2\/tags?post=7613"}],"curies":[{"name":"wp","href":"https:\/\/api.w.org\/{rel}","templated":true}]}}