{"id":7606,"date":"2018-04-04T13:01:55","date_gmt":"2018-04-04T16:01:55","guid":{"rendered":"https:\/\/blogs.correiobraziliense.com.br\/vicente\/?p=7606"},"modified":"2018-04-04T13:37:29","modified_gmt":"2018-04-04T16:37:29","slug":"alto-comando-do-exercito-se-reunira-na-tarde-desta-quarta-feira","status":"publish","type":"post","link":"https:\/\/blogs.correiobraziliense.com.br\/vicente\/alto-comando-do-exercito-se-reunira-na-tarde-desta-quarta-feira\/","title":{"rendered":"Alto comando do Ex\u00e9rcito se reunir\u00e1 na tarde desta quarta-feira"},"content":{"rendered":"<h2>Em meio \u00e0 enorme pol\u00eamica provocada pelo general Eduardo Villas B\u00f4as nas redes sociais, o Alto Comando do Ex\u00e9rcito de reunir\u00e1 na tarde desta quarta-feira, 4. No centro da conversa, o julgamento do habeas corpus do ex-presidente Lula pelo Supremo Tribunal Federal (STF) e o poss\u00edvel fim da pris\u00e3o em segunda inst\u00e2ncia.<\/h2>\n<p>&nbsp;<\/p>\n<p>Nas redes sociais, Villas B\u00f4as assegurou que o Ex\u00e9rcito Brasileiro compartilha do &#8220;anseio de todos os cidad\u00e3os de bem de rep\u00fadio \u00e0 impunidade e de respeito \u00e0 Constitui\u00e7\u00e3o, \u00e0 paz social e \u00e0 democracia, bem como se mant\u00e9m atento \u00e0s suas miss\u00f5es institucionais&#8221;. Essa posi\u00e7\u00e3o, segundo ele, representa a vis\u00e3o do Alto Comando do Ex\u00e9rcito.<\/p>\n<p>&nbsp;<\/p>\n<p>Muita gente viu nas declara\u00e7\u00f5es de Villas B\u00f4as um aviso de que o Ex\u00e9rcito est\u00e1 preparado para intervir caso o STF conceda habeas corpus a Lula e, sobretudo, derrube a pris\u00e3o em segunda inst\u00e2ncia. Muitos alertaram para o fantasma de 1964, quando houve o golpe militar.<\/p>\n<p>&nbsp;<\/p>\n<p><strong>Entrega de espadas<\/strong><\/p>\n<p>&nbsp;<\/p>\n<p>Vale lembrar que o comando do ex\u00e9rcito participar\u00e1 nesta quinta-feira, 5, da cerim\u00f4nia de entrega de espadas para novos generais. Em tempos de normalidade, essa cerim\u00f4nia passaria em branco. Contudo, depois das declara\u00e7\u00f5es do general Villas B\u00f4as, ganhou uma dimens\u00e3o enorme, pois pode servir para o Ex\u00e9rcito marcar posi\u00e7\u00e3o.<\/p>\n<p>&nbsp;<\/p>\n<p>Nas redes sociais, Villas B\u00f4as perguntou\u00a0&#8220;quem realmente est\u00e1 pensando no bem do pa\u00eds e das gera\u00e7\u00f5es futuras e quem est\u00e1 preocupado apenas com interesses pessoais? Para ele, a atual situa\u00e7\u00e3o do Brasil n\u00e3o \u00e9 aceit\u00e1vel, sobretudo se a impunidade for sancionada pelo Supremo.<\/p>\n<p>&nbsp;<\/p>\n<p>Depois de um longo sil\u00eancio do governo, o\u00a0ministro da Seguran\u00e7a P\u00fablica, Raul Jungmann, respondeu ao general. Ele disse que, de zero a dez, \u00e9 de menos um a chance de se ter um novo golpe militar de 1964 no Brasil. &#8220;N\u00e3o vejo nenhuma for\u00e7a pol\u00edtica, \u00e0 exce\u00e7\u00e3o daquelas que s\u00e3o absolutamente minorit\u00e1rias, propor um retorno ao passado. Ningu\u00e9m quer isso, e isso n\u00e3o tem o menor curso no Brasil, eu posso assegurar&#8221;, disse.<\/p>\n<p>&nbsp;<\/p>\n<p><em>Bras\u00edlia, 13h01min<\/em><\/p>\n","protected":false},"excerpt":{"rendered":"<p>Em meio \u00e0 enorme pol\u00eamica provocada pelo general Eduardo Villas B\u00f4as nas redes sociais, o Alto Comando do Ex\u00e9rcito de reunir\u00e1 na tarde desta quarta-feira, 4. No centro da conversa, o julgamento do habeas corpus do ex-presidente Lula pelo Supremo Tribunal Federal (STF) e o poss\u00edvel fim da pris\u00e3o em segunda inst\u00e2ncia. &nbsp; Nas redes [&hellip;]<\/p>\n","protected":false},"author":22,"featured_media":0,"comment_status":"open","ping_status":"closed","sticky":false,"template":"","format":"standard","meta":{"footnotes":""},"categories":[600],"tags":[],"class_list":["post-7606","post","type-post","status-publish","format-standard","hentry","category-economia"],"_links":{"self":[{"href":"https:\/\/blogs.correiobraziliense.com.br\/vicente\/wp-json\/wp\/v2\/posts\/7606","targetHints":{"allow":["GET"]}}],"collection":[{"href":"https:\/\/blogs.correiobraziliense.com.br\/vicente\/wp-json\/wp\/v2\/posts"}],"about":[{"href":"https:\/\/blogs.correiobraziliense.com.br\/vicente\/wp-json\/wp\/v2\/types\/post"}],"author":[{"embeddable":true,"href":"https:\/\/blogs.correiobraziliense.com.br\/vicente\/wp-json\/wp\/v2\/users\/22"}],"replies":[{"embeddable":true,"href":"https:\/\/blogs.correiobraziliense.com.br\/vicente\/wp-json\/wp\/v2\/comments?post=7606"}],"version-history":[{"count":1,"href":"https:\/\/blogs.correiobraziliense.com.br\/vicente\/wp-json\/wp\/v2\/posts\/7606\/revisions"}],"predecessor-version":[{"id":7607,"href":"https:\/\/blogs.correiobraziliense.com.br\/vicente\/wp-json\/wp\/v2\/posts\/7606\/revisions\/7607"}],"wp:attachment":[{"href":"https:\/\/blogs.correiobraziliense.com.br\/vicente\/wp-json\/wp\/v2\/media?parent=7606"}],"wp:term":[{"taxonomy":"category","embeddable":true,"href":"https:\/\/blogs.correiobraziliense.com.br\/vicente\/wp-json\/wp\/v2\/categories?post=7606"},{"taxonomy":"post_tag","embeddable":true,"href":"https:\/\/blogs.correiobraziliense.com.br\/vicente\/wp-json\/wp\/v2\/tags?post=7606"}],"curies":[{"name":"wp","href":"https:\/\/api.w.org\/{rel}","templated":true}]}}