{"id":7590,"date":"2018-04-03T18:36:09","date_gmt":"2018-04-03T21:36:09","guid":{"rendered":"https:\/\/blogs.correiobraziliense.com.br\/vicente\/?p=7590"},"modified":"2018-04-03T20:57:12","modified_gmt":"2018-04-03T23:57:12","slug":"dolar-dispara-e-atinge-maior-cotacao-em-nove-meses","status":"publish","type":"post","link":"https:\/\/blogs.correiobraziliense.com.br\/vicente\/dolar-dispara-e-atinge-maior-cotacao-em-nove-meses\/","title":{"rendered":"D\u00f3lar dispara e atinge a maior cota\u00e7\u00e3o em nove meses"},"content":{"rendered":"<h2>O clima beligerante na pol\u00edtica mexeu com os nervos do mercado financeiro. Tanto que o d\u00f3lar encerrou as negocia\u00e7\u00f5es desta ter\u00e7a-feira, 3, cotado a R$ 3,339 para venda, o n\u00edvel mais elevado desde junho do ano passado, com alta de 0,72%. J\u00e1 a Bolsa de Valores de S\u00e3o Paulo (B3) cedeu 0,05%, para os 84.623 pontos, e as taxas de juros futuros aumentaram, refletindo as incertezas em Bras\u00edlia.<\/h2>\n<p>&nbsp;<\/p>\n<p>Segundo analistas, h\u00e1 um quadro de como\u00e7\u00e3o no mercado financeiro diante do julgamento, pelo Supremo Tribunal Federal (STF), do habeas corpus impetrado pela defesa do es-presidente Lula. Teme-se que, al\u00e9m de se livrar da cadeia, mesmo tendo sido condenado em segunda inst\u00e2ncia, o petista possa disputar a Presid\u00eancia da Rep\u00fablica em outubro pr\u00f3ximo.<\/p>\n<p>&nbsp;<\/p>\n<p>Na vis\u00e3o do mercado, n\u00e3o haver\u00e1 tr\u00e9gua por parte de Lula e do PT. A expectativa \u00e9 de que o processo eleitoral seja tumultuado, sem chances de um candidato reformista conseguir emplacar o seu discurso. O maior medo dos analistas \u00e9 o de que o pa\u00eds passe a ser comandado por um grupo radical, de esquerda ou de direita, a partir de 2019.<\/p>\n<p>&nbsp;<\/p>\n<p>Nenhum dos candidatos de centro-direita anima o mercado. O quase ex-ministro da Fazenda, Henrique Meirelles, se filiou ao MDB nesta ter\u00e7a-feira, mas n\u00e3o conseguiu empolgar. Por mais que considerem Meirelles o candidato ideal, capaz de conduzir o pa\u00eds por um caminho sem turbul\u00eancias, s\u00e3o quase remotas as chances de ele vencer a disputa.<\/p>\n<p>&nbsp;<\/p>\n<p>Na verdade, dizem os analistas, a filia\u00e7\u00e3o de Meirelles sequer garante a candidatura dele ao Pal\u00e1cio do Planalto. Apesar de bombardeado pela pris\u00e3o de seus amigos, o presidente Michel Temer continua com s\u00e9rias inten\u00e7\u00f5es de ser o candidato do MDB, tendo, possivelmente, Meirelles como vice.<\/p>\n<p>&nbsp;<\/p>\n<p>Para integrantes do mercado, o melhor seria que Lula fosse preso logo, saindo do jogo eleitoral, abrindo espa\u00e7o para que candidatos mais comprometidos com as mudan\u00e7as estruturais do pa\u00eds possam emergir. O problema \u00e9 que os analistas acreditam que o STF tender\u00e1, por seis votos a cinco, a manter o petista livre das grades. Nesse ambiente complicado, os investidores est\u00e3o preferindo buscar prote\u00e7\u00e3o no d\u00f3lar.<\/p>\n<p>&nbsp;<\/p>\n<p><em>Bras\u00edlia, \u00a018h36min<\/em><\/p>\n","protected":false},"excerpt":{"rendered":"<p>O clima beligerante na pol\u00edtica mexeu com os nervos do mercado financeiro. Tanto que o d\u00f3lar encerrou as negocia\u00e7\u00f5es desta ter\u00e7a-feira, 3, cotado a R$ 3,339 para venda, o n\u00edvel mais elevado desde junho do ano passado, com alta de 0,72%. J\u00e1 a Bolsa de Valores de S\u00e3o Paulo (B3) cedeu 0,05%, para os 84.623 [&hellip;]<\/p>\n","protected":false},"author":22,"featured_media":0,"comment_status":"open","ping_status":"closed","sticky":false,"template":"","format":"standard","meta":{"footnotes":""},"categories":[600],"tags":[343,23,111,351,192],"class_list":["post-7590","post","type-post","status-publish","format-standard","hentry","category-economia","tag-dolar","tag-lula","tag-michel-temer","tag-prisao","tag-stf"],"_links":{"self":[{"href":"https:\/\/blogs.correiobraziliense.com.br\/vicente\/wp-json\/wp\/v2\/posts\/7590","targetHints":{"allow":["GET"]}}],"collection":[{"href":"https:\/\/blogs.correiobraziliense.com.br\/vicente\/wp-json\/wp\/v2\/posts"}],"about":[{"href":"https:\/\/blogs.correiobraziliense.com.br\/vicente\/wp-json\/wp\/v2\/types\/post"}],"author":[{"embeddable":true,"href":"https:\/\/blogs.correiobraziliense.com.br\/vicente\/wp-json\/wp\/v2\/users\/22"}],"replies":[{"embeddable":true,"href":"https:\/\/blogs.correiobraziliense.com.br\/vicente\/wp-json\/wp\/v2\/comments?post=7590"}],"version-history":[{"count":6,"href":"https:\/\/blogs.correiobraziliense.com.br\/vicente\/wp-json\/wp\/v2\/posts\/7590\/revisions"}],"predecessor-version":[{"id":7599,"href":"https:\/\/blogs.correiobraziliense.com.br\/vicente\/wp-json\/wp\/v2\/posts\/7590\/revisions\/7599"}],"wp:attachment":[{"href":"https:\/\/blogs.correiobraziliense.com.br\/vicente\/wp-json\/wp\/v2\/media?parent=7590"}],"wp:term":[{"taxonomy":"category","embeddable":true,"href":"https:\/\/blogs.correiobraziliense.com.br\/vicente\/wp-json\/wp\/v2\/categories?post=7590"},{"taxonomy":"post_tag","embeddable":true,"href":"https:\/\/blogs.correiobraziliense.com.br\/vicente\/wp-json\/wp\/v2\/tags?post=7590"}],"curies":[{"name":"wp","href":"https:\/\/api.w.org\/{rel}","templated":true}]}}