{"id":7573,"date":"2018-04-02T15:23:05","date_gmt":"2018-04-02T18:23:05","guid":{"rendered":"https:\/\/blogs.correiobraziliense.com.br\/vicente\/?p=7573"},"modified":"2018-04-02T15:23:05","modified_gmt":"2018-04-02T18:23:05","slug":"ilan-defende-legado-de-temer","status":"publish","type":"post","link":"https:\/\/blogs.correiobraziliense.com.br\/vicente\/ilan-defende-legado-de-temer\/","title":{"rendered":"Ilan Goldfajn defende legado de Temer nas redes sociais"},"content":{"rendered":"<p>ANTONIO TEM\u00d3TEO<\/p>\n<p>&nbsp;<\/p>\n<p>Enquanto boa parte da base aliada procura manter dist\u00e2ncia do presidente da Rep\u00fablica, Michel Temer, o chefe do Banco Central (BC), Ilan Goldfajn, est\u00e1 dando a cara a tapa. Em quatro v\u00eddeos postados no <a href=\"https:\/\/twitter.com\/planalto\">Twitter no Pal\u00e1cio do Planalto<\/a>,\u00a0o comandante\u00a0da autoridade monet\u00e1ria defende parte do que ser\u00e1 considerado o legado econ\u00f4mico da gest\u00e3o do emedebista.<\/p>\n<p>&nbsp;<\/p>\n<p>Em campanha a reelei\u00e7\u00e3o, Temer pretende surfar na credibilidade do presidente do BC. Goldfajn destacou nos v\u00eddeos as conquistas recentes que levaram ao controle inflacion\u00e1rio, a recupera\u00e7\u00e3o da atividade econ\u00f4mica, a retomada da confian\u00e7a e a necessidade de continuidade de reformas.<\/p>\n<p>&nbsp;<\/p>\n<p>At\u00e9 pouco tempo, essa era uma tarefa exclusiva do ministro da Fazenda, Henrique Meirelles, que deve deixar o posto at\u00e9 o fim da semana para concorrer ao Planalto. Com a sa\u00edda de Meirelles, caber\u00e1 a Ilan destacar os avan\u00e7os na agenda econ\u00f4mica do Executivo.<\/p>\n<p>&nbsp;<\/p>\n<p>Os v\u00eddeos, que n\u00e3o passam de 47 segundos, trazem a logomarca oficial do governo e foram publicados no Twitter, no site oficial do governo brasileiro e outras p\u00e1ginas eletr\u00f4nicas oficiais. \u00a0O chefe do Executivo espera ganhar pontos com o eleitor e n\u00e3o se esquivar\u00e1 de apelar para os auxiliares.<\/p>\n","protected":false},"excerpt":{"rendered":"<p>ANTONIO TEM\u00d3TEO &nbsp; Enquanto boa parte da base aliada procura manter dist\u00e2ncia do presidente da Rep\u00fablica, Michel Temer, o chefe do Banco Central (BC), Ilan Goldfajn, est\u00e1 dando a cara a tapa. Em quatro v\u00eddeos postados no Twitter no Pal\u00e1cio do Planalto,\u00a0o comandante\u00a0da autoridade monet\u00e1ria defende parte do que ser\u00e1 considerado o legado econ\u00f4mico da [&hellip;]<\/p>\n","protected":false},"author":22,"featured_media":0,"comment_status":"open","ping_status":"closed","sticky":false,"template":"","format":"standard","meta":{"footnotes":""},"categories":[600],"tags":[3,106,107],"class_list":["post-7573","post","type-post","status-publish","format-standard","hentry","category-economia","tag-banco-central","tag-bc","tag-ilan-goldfajn"],"_links":{"self":[{"href":"https:\/\/blogs.correiobraziliense.com.br\/vicente\/wp-json\/wp\/v2\/posts\/7573","targetHints":{"allow":["GET"]}}],"collection":[{"href":"https:\/\/blogs.correiobraziliense.com.br\/vicente\/wp-json\/wp\/v2\/posts"}],"about":[{"href":"https:\/\/blogs.correiobraziliense.com.br\/vicente\/wp-json\/wp\/v2\/types\/post"}],"author":[{"embeddable":true,"href":"https:\/\/blogs.correiobraziliense.com.br\/vicente\/wp-json\/wp\/v2\/users\/22"}],"replies":[{"embeddable":true,"href":"https:\/\/blogs.correiobraziliense.com.br\/vicente\/wp-json\/wp\/v2\/comments?post=7573"}],"version-history":[{"count":1,"href":"https:\/\/blogs.correiobraziliense.com.br\/vicente\/wp-json\/wp\/v2\/posts\/7573\/revisions"}],"predecessor-version":[{"id":7574,"href":"https:\/\/blogs.correiobraziliense.com.br\/vicente\/wp-json\/wp\/v2\/posts\/7573\/revisions\/7574"}],"wp:attachment":[{"href":"https:\/\/blogs.correiobraziliense.com.br\/vicente\/wp-json\/wp\/v2\/media?parent=7573"}],"wp:term":[{"taxonomy":"category","embeddable":true,"href":"https:\/\/blogs.correiobraziliense.com.br\/vicente\/wp-json\/wp\/v2\/categories?post=7573"},{"taxonomy":"post_tag","embeddable":true,"href":"https:\/\/blogs.correiobraziliense.com.br\/vicente\/wp-json\/wp\/v2\/tags?post=7573"}],"curies":[{"name":"wp","href":"https:\/\/api.w.org\/{rel}","templated":true}]}}