{"id":7567,"date":"2018-04-01T20:50:09","date_gmt":"2018-04-01T23:50:09","guid":{"rendered":"https:\/\/blogs.correiobraziliense.com.br\/vicente\/?p=7567"},"modified":"2018-04-01T23:09:34","modified_gmt":"2018-04-02T02:09:34","slug":"no-bndes-dyogo-quer-priorizar-pequenas-empresas-e-infraestrutura","status":"publish","type":"post","link":"https:\/\/blogs.correiobraziliense.com.br\/vicente\/no-bndes-dyogo-quer-priorizar-pequenas-empresas-e-infraestrutura\/","title":{"rendered":"No BNDES, Dyogo quer priorizar pequenas empresas e infraestrutura"},"content":{"rendered":"<h2>No acerto que fez com o presidente Michel Temer para trocar o Minist\u00e9rio do Planejamento pelo Banco Nacional de Desenvolvimento Econ\u00f4mico e Social (BNDES), Dyogo Oliveira definiu sua linha de atua\u00e7\u00e3o \u00e0 frente da institui\u00e7\u00e3o.<\/h2>\n<p>&nbsp;<\/p>\n<p>Ele pretende fortalecer o BNDES para atuar em \u00e1reas que considera priorit\u00e1rias: pequenas empresas, infraestrutura, inova\u00e7\u00e3o e com\u00e9rcio exterior, al\u00e9m de aprofundar o relacionamento com a iniciativa privado.<\/p>\n<p>&nbsp;<\/p>\n<p>Dyogo tamb\u00e9m ressaltou a Temer que o BNDES ter\u00e1 que atuar com recursos pr\u00f3prios, mesmo que isso exija buscar capta\u00e7\u00f5es externas e internas. Para o novo presidente do banco, ficou para tr\u00e1s a depend\u00eancia dos subs\u00eddios do governo.<\/p>\n<p>&nbsp;<\/p>\n<p>O BNDES, por sinal, ter\u00e1 que devolver uma fortuna ao Tesouro Nacional at\u00e9 o fim do ano, como forma de evitar que o governo descumpra a tal regra de ouro, que pro\u00edbe a emiss\u00e3o de d\u00edvida para pagamento de despesas correntes, como sal\u00e1rios de servidores.<\/p>\n<p>&nbsp;<\/p>\n<p>No total, o BNDES ter\u00e1 que devolver R$ 130 bilh\u00f5es do Tesouro, dos quais R$ 33 bilh\u00f5es devem ser repassados nos pr\u00f3ximos dias. Com Dyogo \u00e0 frente do banco, ficar\u00e1 mais f\u00e1cil para o governo botar a m\u00e3o nessa bolada.<\/p>\n<p>&nbsp;<\/p>\n<p>Paulo Rabello de Castro, ex-presidente do BNDES, vinha dificultando ao m\u00e1ximo a vida do Tesouro. Ele usava o seu poder para fustigar o quase ex-ministro da Fazenda, Henrique Meirelles, seu desafeto. Os dois devem concorrer \u00e0 Presid\u00eancia da Rep\u00fablica.<\/p>\n<p>&nbsp;<\/p>\n<p>Dyogo \u00e0 frente do BNDES e Esteves Golnago no Minist\u00e9rio do Planejamento representam uma vit\u00f3ria do senador Romero Juc\u00e1 sobre Meirelles. O ministro queria emplacar o secret\u00e1rio de Acompanhamento Fiscal da Fazenda, Mansueto Almeida, no lugar de Dyogo.<\/p>\n<p>&nbsp;<\/p>\n<p>O pr\u00f3prio Temer n\u00e3o se entusiasmou com o nome de Mansueto para o Planejamento. Bastou, portanto, Juc\u00e1 apresentar seus argumentos para que Meirelles, que se filiar\u00e1 ao MDB nesta ter\u00e7a-feira, 3, fosse derrotado.<\/p>\n<p>&nbsp;<\/p>\n<p>Meirelles queria sair para se candidatar, mas manter total controle sobre a equipe econ\u00f4mica. Ter\u00e1 de se contentar com Eduardo Guardia como seu substituto.<\/p>\n","protected":false},"excerpt":{"rendered":"<p>No acerto que fez com o presidente Michel Temer para trocar o Minist\u00e9rio do Planejamento pelo Banco Nacional de Desenvolvimento Econ\u00f4mico e Social (BNDES), Dyogo Oliveira definiu sua linha de atua\u00e7\u00e3o \u00e0 frente da institui\u00e7\u00e3o. &nbsp; Ele pretende fortalecer o BNDES para atuar em \u00e1reas que considera priorit\u00e1rias: pequenas empresas, infraestrutura, inova\u00e7\u00e3o e com\u00e9rcio exterior, [&hellip;]<\/p>\n","protected":false},"author":22,"featured_media":0,"comment_status":"open","ping_status":"closed","sticky":false,"template":"","format":"standard","meta":{"footnotes":""},"categories":[600],"tags":[89,84,704,111,3262,847],"class_list":["post-7567","post","type-post","status-publish","format-standard","hentry","category-economia","tag-bndes","tag-dyogo-oliveira","tag-infraestrutura","tag-michel-temer","tag-pequenas-empresas","tag-planejamento"],"_links":{"self":[{"href":"https:\/\/blogs.correiobraziliense.com.br\/vicente\/wp-json\/wp\/v2\/posts\/7567","targetHints":{"allow":["GET"]}}],"collection":[{"href":"https:\/\/blogs.correiobraziliense.com.br\/vicente\/wp-json\/wp\/v2\/posts"}],"about":[{"href":"https:\/\/blogs.correiobraziliense.com.br\/vicente\/wp-json\/wp\/v2\/types\/post"}],"author":[{"embeddable":true,"href":"https:\/\/blogs.correiobraziliense.com.br\/vicente\/wp-json\/wp\/v2\/users\/22"}],"replies":[{"embeddable":true,"href":"https:\/\/blogs.correiobraziliense.com.br\/vicente\/wp-json\/wp\/v2\/comments?post=7567"}],"version-history":[{"count":1,"href":"https:\/\/blogs.correiobraziliense.com.br\/vicente\/wp-json\/wp\/v2\/posts\/7567\/revisions"}],"predecessor-version":[{"id":7568,"href":"https:\/\/blogs.correiobraziliense.com.br\/vicente\/wp-json\/wp\/v2\/posts\/7567\/revisions\/7568"}],"wp:attachment":[{"href":"https:\/\/blogs.correiobraziliense.com.br\/vicente\/wp-json\/wp\/v2\/media?parent=7567"}],"wp:term":[{"taxonomy":"category","embeddable":true,"href":"https:\/\/blogs.correiobraziliense.com.br\/vicente\/wp-json\/wp\/v2\/categories?post=7567"},{"taxonomy":"post_tag","embeddable":true,"href":"https:\/\/blogs.correiobraziliense.com.br\/vicente\/wp-json\/wp\/v2\/tags?post=7567"}],"curies":[{"name":"wp","href":"https:\/\/api.w.org\/{rel}","templated":true}]}}