{"id":7561,"date":"2018-03-30T18:01:12","date_gmt":"2018-03-30T21:01:12","guid":{"rendered":"https:\/\/blogs.correiobraziliense.com.br\/vicente\/?p=7561"},"modified":"2018-03-30T19:26:50","modified_gmt":"2018-03-30T22:26:50","slug":"para-demonstrar-forca-temer-deve-anunciar-reajuste-do-bolsa-familia","status":"publish","type":"post","link":"https:\/\/blogs.correiobraziliense.com.br\/vicente\/para-demonstrar-forca-temer-deve-anunciar-reajuste-do-bolsa-familia\/","title":{"rendered":"Para demonstrar for\u00e7a, Temer deve anunciar reajuste do Bolsa Fam\u00edlia"},"content":{"rendered":"<h2>Nas conversas que teve hoje com aliados e auxiliares, o presidente Michel Temer recomendou que o governo demonstre for\u00e7a nos pr\u00f3ximos dias para enfrentar o terremoto provocado pelas pris\u00f5es de amigos do emedebista, entre eles, Jose Yunes.<\/h2>\n<p>&nbsp;<\/p>\n<p>Na avalia\u00e7\u00e3o de Temer, o governo precisa mostrar que n\u00e3o est\u00e1 parado. Vai, sim, montar uma estrat\u00e9gia para se defender, sobretudo no Congresso, diante do temor de uma terceira den\u00fancia contra o presidente, mas tamb\u00e9m tentar\u00e1 dar not\u00edcias boas \u00e0 popula\u00e7\u00e3o. \u00c9 o velho pacote de bondades.<\/p>\n<p>&nbsp;<\/p>\n<p>A mais palp\u00e1vel, neste momento, \u00e9 o reajuste do Bolsa Fam\u00edlia. Temer j\u00e1 bateu o martelo de que o aumento incorporar\u00e1 um valor que funcionar\u00e1 como uma esp\u00e9cie de vale para compensar a forte eleva\u00e7\u00e3o no valor do g\u00e1s de cozinha.<\/p>\n<p>&nbsp;<\/p>\n<p>O \u00faltimo reajuste do Bolsa Fam\u00edlia foi em 2016. Como, desde l\u00e1, a infla\u00e7\u00e3o acumulada fica pr\u00f3xima de 10%, \u00e9 poss\u00edvel que o aumento se aproxime desse patamar. Como diz um ministro pr\u00f3ximo a Temer, &#8220;o momento \u00e9 de criar not\u00edcias boas, pois as ruins est\u00e3o florescendo como pragas&#8221;.<\/p>\n<p>&nbsp;<\/p>\n<p>O aumento do Bolsa Fam\u00edlia estava acertado desde a semana passada. S\u00f3 faltava fechar o \u00edndice que corrigir\u00e1 os valores. Agora, o aumento se tornou um instrumento pol\u00edtico important\u00edssimo para tentar reduzir o desgaste do governo.<\/p>\n<p>&nbsp;<\/p>\n<p>Temer nunca esteve t\u00e3o pr\u00f3ximo de ser pego em uma investiga\u00e7\u00e3o como agora. Ele \u00e9 suspeito de ter recebido propina para favorecer empresas do setor de portos. Al\u00e9m do amigo do peito Jos\u00e9 Yunes, foi preso o coronel Lima Filho, respons\u00e1vel por cuidar de assuntos pessoais do presidente.<\/p>\n<p>&nbsp;<\/p>\n<p>Dentro do processo de reajuste do Bolsa Fam\u00edlia, tamb\u00e9m foi definido que os benefici\u00e1rios do programa que prestarem contrapartidas em servi\u00e7os comunit\u00e1rios ter\u00e3o um plus no valor do programa. Paralelamente \u00e0 decis\u00e3o, o governo pretende deixar claro que nesse per\u00edodo, em que a infla\u00e7\u00e3o de alimentos caiu, os benefici\u00e1rios est\u00e3o comprando mais comida.<\/p>\n<p>&nbsp;<\/p>\n<p>A princ\u00edpio, a proposta de compensar o aumento do g\u00e1s de cozinha dentro do reajuste do Bolsa Fam\u00edlia seria uma resposta do governo ao presidente da C\u00e2mara, Rodrigo Maia, que, em entrevista ao <strong>Correio<\/strong>, criticou o valor do botij\u00e3o. Agora, \u00e9 uma quest\u00e3o de sobreviv\u00eancia. &#8220;Toda a estrat\u00e9gia do governo passou a ser chegar at\u00e9 o fim de dezembro de 2018&#8221;, diz o mesmo ministro.<\/p>\n<p>&nbsp;<\/p>\n<p><em>Bras\u00edlia, 18h01min<\/em><\/p>\n","protected":false},"excerpt":{"rendered":"<p>Nas conversas que teve hoje com aliados e auxiliares, o presidente Michel Temer recomendou que o governo demonstre for\u00e7a nos pr\u00f3ximos dias para enfrentar o terremoto provocado pelas pris\u00f5es de amigos do emedebista, entre eles, Jose Yunes. &nbsp; Na avalia\u00e7\u00e3o de Temer, o governo precisa mostrar que n\u00e3o est\u00e1 parado. Vai, sim, montar uma estrat\u00e9gia [&hellip;]<\/p>\n","protected":false},"author":22,"featured_media":0,"comment_status":"open","ping_status":"closed","sticky":false,"template":"","format":"standard","meta":{"footnotes":""},"categories":[600],"tags":[1498,2038,189,264,125],"class_list":["post-7561","post","type-post","status-publish","format-standard","hentry","category-economia","tag-bolsa-familia","tag-denuncias","tag-prisoes","tag-reajuste","tag-temer"],"_links":{"self":[{"href":"https:\/\/blogs.correiobraziliense.com.br\/vicente\/wp-json\/wp\/v2\/posts\/7561","targetHints":{"allow":["GET"]}}],"collection":[{"href":"https:\/\/blogs.correiobraziliense.com.br\/vicente\/wp-json\/wp\/v2\/posts"}],"about":[{"href":"https:\/\/blogs.correiobraziliense.com.br\/vicente\/wp-json\/wp\/v2\/types\/post"}],"author":[{"embeddable":true,"href":"https:\/\/blogs.correiobraziliense.com.br\/vicente\/wp-json\/wp\/v2\/users\/22"}],"replies":[{"embeddable":true,"href":"https:\/\/blogs.correiobraziliense.com.br\/vicente\/wp-json\/wp\/v2\/comments?post=7561"}],"version-history":[{"count":2,"href":"https:\/\/blogs.correiobraziliense.com.br\/vicente\/wp-json\/wp\/v2\/posts\/7561\/revisions"}],"predecessor-version":[{"id":7563,"href":"https:\/\/blogs.correiobraziliense.com.br\/vicente\/wp-json\/wp\/v2\/posts\/7561\/revisions\/7563"}],"wp:attachment":[{"href":"https:\/\/blogs.correiobraziliense.com.br\/vicente\/wp-json\/wp\/v2\/media?parent=7561"}],"wp:term":[{"taxonomy":"category","embeddable":true,"href":"https:\/\/blogs.correiobraziliense.com.br\/vicente\/wp-json\/wp\/v2\/categories?post=7561"},{"taxonomy":"post_tag","embeddable":true,"href":"https:\/\/blogs.correiobraziliense.com.br\/vicente\/wp-json\/wp\/v2\/tags?post=7561"}],"curies":[{"name":"wp","href":"https:\/\/api.w.org\/{rel}","templated":true}]}}