{"id":7559,"date":"2018-03-29T17:41:48","date_gmt":"2018-03-29T20:41:48","guid":{"rendered":"https:\/\/blogs.correiobraziliense.com.br\/vicente\/?p=7559"},"modified":"2018-03-29T18:08:41","modified_gmt":"2018-03-29T21:08:41","slug":"na-guerra-por-cargos-na-esplanada-processo-contra-mansueto","status":"publish","type":"post","link":"https:\/\/blogs.correiobraziliense.com.br\/vicente\/na-guerra-por-cargos-na-esplanada-processo-contra-mansueto\/","title":{"rendered":"Na guerra por cargos na Esplanada, processo contra Mansueto"},"content":{"rendered":"<h2>A guerra por cargos na Esplanada dos Minist\u00e9rios n\u00e3o tem limites. Desde que o nome do secret\u00e1rio de Acompanhamento Fiscal do Minist\u00e9rio da Fazenda, Mansueto Almeida, come\u00e7ou a ser ventilado para o comando do Minist\u00e9rio do Planejamento ou para a presid\u00eancia do Banco Nacional de Desenvolvimento Econ\u00f4mico e Social (BNDES), um grupo de servidores fez circular informa\u00e7\u00f5es de que o t\u00e9cnico da equipe de Henrique Meirelles est\u00e1 respondendo a um processo no Tribunal de Contas da Uni\u00e3o (TCU).<\/h2>\n<p>&nbsp;<\/p>\n<p>Aberto em 2014, <a href=\"https:\/\/contas.tcu.gov.br\/etcu\/AcompanharProcesso?p1=26767&amp;p2=2014&amp;p3=7\">o processo 026.767\/2014-7<\/a> trata de uma tomada de conta especial, instaurado pela Funda\u00e7\u00e3o Coordena\u00e7\u00e3o de Aperfei\u00e7oamento de Pessoal de N\u00edvel Superior (Capes), do Minist\u00e9rio da Educa\u00e7\u00e3o. A institui\u00e7\u00e3o alega descumprimento do Termo de Compromisso por Mansueto. Ele n\u00e3o apresentou comprovantes de conclus\u00e3o de doutorado no exterior, mais precisamente no Massachusets Institute of Technology (MIT), nos Estados Unidos.<\/p>\n<p>&nbsp;<\/p>\n<p>A valores de hoje, a Capes cobra quase R$ 1 milh\u00e3o de Mansueto.<\/p>\n<p>&nbsp;<\/p>\n<p>O processo foi relatado pelo ministro Bruno Dantas, que absolveu Mansueto com ressalvas. Ele aceitou os argumentos do secret\u00e1rio de Acompanhamento Fiscal da Fazenda de que n\u00e3o apresentou o diploma, mas, quando retornou ao Brasil, difundiu o conhecimento que adquiriu no curso. Al\u00e9m disso, participou de palestras e semin\u00e1rios, al\u00e9m de escrever centenas de artigos. Tudo fundamentado com base nos estudos que desenvolveu no MIT.<\/p>\n<p>&nbsp;<\/p>\n<p>O processo, no entanto, ainda n\u00e3o est\u00e1 encerrado. O ministro Benjamin Zymler pediu vistas. H\u00e1 diverg\u00eancias na \u00e1rea t\u00e9cnica do TCU, que considerou a decis\u00e3o de Bruno Dantas um pouco liberal.<\/p>\n<p>&nbsp;<\/p>\n<p>A expectativa \u00e9 de que esse processo retorne ao plen\u00e1rio do TCU o mais rapidamente poss\u00edvel para uma decis\u00e3o final. Um ministro ouvido pelo <strong>Blog<\/strong> diz que esse \u00e9 um assunto menor, que n\u00e3o deveria demorar tanto para ser julgado. Para Mansueto, ser\u00e1 \u00f3timo que prevale\u00e7a o parecer de Bruno Dantas, pois se livrar\u00e1 de um instrumento usado pelos inimigos para oportun\u00e1-lo.<\/p>\n<p>&nbsp;<\/p>\n<p><em>Bras\u00edlia,\u00a0 17h41min<\/em><\/p>\n","protected":false},"excerpt":{"rendered":"<p>A guerra por cargos na Esplanada dos Minist\u00e9rios n\u00e3o tem limites. Desde que o nome do secret\u00e1rio de Acompanhamento Fiscal do Minist\u00e9rio da Fazenda, Mansueto Almeida, come\u00e7ou a ser ventilado para o comando do Minist\u00e9rio do Planejamento ou para a presid\u00eancia do Banco Nacional de Desenvolvimento Econ\u00f4mico e Social (BNDES), um grupo de servidores fez [&hellip;]<\/p>\n","protected":false},"author":22,"featured_media":0,"comment_status":"open","ping_status":"closed","sticky":false,"template":"","format":"standard","meta":{"footnotes":""},"categories":[600],"tags":[2212,3261,2855,847,3067,50],"class_list":["post-7559","post","type-post","status-publish","format-standard","hentry","category-economia","tag-bruno-dantas","tag-capes","tag-mansueto","tag-planejamento","tag-processo","tag-tcu"],"_links":{"self":[{"href":"https:\/\/blogs.correiobraziliense.com.br\/vicente\/wp-json\/wp\/v2\/posts\/7559","targetHints":{"allow":["GET"]}}],"collection":[{"href":"https:\/\/blogs.correiobraziliense.com.br\/vicente\/wp-json\/wp\/v2\/posts"}],"about":[{"href":"https:\/\/blogs.correiobraziliense.com.br\/vicente\/wp-json\/wp\/v2\/types\/post"}],"author":[{"embeddable":true,"href":"https:\/\/blogs.correiobraziliense.com.br\/vicente\/wp-json\/wp\/v2\/users\/22"}],"replies":[{"embeddable":true,"href":"https:\/\/blogs.correiobraziliense.com.br\/vicente\/wp-json\/wp\/v2\/comments?post=7559"}],"version-history":[{"count":1,"href":"https:\/\/blogs.correiobraziliense.com.br\/vicente\/wp-json\/wp\/v2\/posts\/7559\/revisions"}],"predecessor-version":[{"id":7560,"href":"https:\/\/blogs.correiobraziliense.com.br\/vicente\/wp-json\/wp\/v2\/posts\/7559\/revisions\/7560"}],"wp:attachment":[{"href":"https:\/\/blogs.correiobraziliense.com.br\/vicente\/wp-json\/wp\/v2\/media?parent=7559"}],"wp:term":[{"taxonomy":"category","embeddable":true,"href":"https:\/\/blogs.correiobraziliense.com.br\/vicente\/wp-json\/wp\/v2\/categories?post=7559"},{"taxonomy":"post_tag","embeddable":true,"href":"https:\/\/blogs.correiobraziliense.com.br\/vicente\/wp-json\/wp\/v2\/tags?post=7559"}],"curies":[{"name":"wp","href":"https:\/\/api.w.org\/{rel}","templated":true}]}}