{"id":7549,"date":"2018-03-29T11:11:19","date_gmt":"2018-03-29T14:11:19","guid":{"rendered":"https:\/\/blogs.correiobraziliense.com.br\/vicente\/?p=7549"},"modified":"2018-03-29T12:33:29","modified_gmt":"2018-03-29T15:33:29","slug":"para-meirelles-prisao-de-amigos-de-temer-vem-em-boa-hora","status":"publish","type":"post","link":"https:\/\/blogs.correiobraziliense.com.br\/vicente\/para-meirelles-prisao-de-amigos-de-temer-vem-em-boa-hora\/","title":{"rendered":"Para Meirelles, pris\u00e3o de amigos de Temer vem em boa hora"},"content":{"rendered":"<h2>Publicamente, jamais o ministro da Fazenda, Henrique Meirelles, vai assumir. Mas aliados dele admitem que a pris\u00e3o de amigos do presidente Michel Temer, entre eles, o advogado Jos\u00e9 Yunes, aumenta as chances de ele ser o candidato do MDB ao Pal\u00e1cio do Planalto. Temer tende a ficar mais enfraquecido e acuado.<\/h2>\n<p>&nbsp;<\/p>\n<p>Para aliados de Meirelles, que trabalham arduamente por sua candidatura, cresceram muito as chances de a Procuradoria-Geral da Rep\u00fablica apresentar uma terceira den\u00fancia contra Temer, que j\u00e1 n\u00e3o disp\u00f5e da mesma for\u00e7a no Congresso. Ou seja, em vez de se dedicar a uma campanha \u00e0 reelei\u00e7\u00e3o, Temer teria que se concentrar em sua defesa.<\/p>\n<p>&nbsp;<\/p>\n<p>As pris\u00f5es de Jos\u00e9 Yunes e do ex-coronel aposentado da Pol\u00edcia Militar Jo\u00e3o Baptista Lima Filho s\u00e3o um baque para Temer. Primeiro porque os pedidos vieram da procuradora-geral Raquel Dodge, escolhida por Temer para chefiar o Minist\u00e9rio P\u00fablico. Nas den\u00fancias anteriores, o presidente acusava o antecessor de Dodge, Rodrigo Janot, de persegui\u00e7\u00e3o. Agora, n\u00e3o poder\u00e1 usar o mesmo argumento.<\/p>\n<p>&nbsp;<\/p>\n<p>Portanto, avaliam os estrategistas da campanha de Meirelles, Temer est\u00e1 mais fraco para se defender. E isso n\u00e3o combina com uma candidatura \u00e0 reelei\u00e7\u00e3o. Assim, Meirelles vai mais forte para o processo de filia\u00e7\u00e3o ao MDB, marcado para 3 de abril. Sem as pris\u00f5es dos amigos de Temer, a tend\u00eancia seria de ele ser vice na chapa encabe\u00e7ada pelo presidente. Agora, desponta com o cabe\u00e7a de chapa.<\/p>\n<p>&nbsp;<\/p>\n<p>&#8220;O bom da pol\u00edtica \u00e9 que tudo muda muito r\u00e1pido&#8221;, diz um dos articuladores da campanha de Meirelles. &#8220;Todos estavam apostando que, no m\u00e1ximo, Meirelles seria vice de Temer, numa chapa puro-sangue do MDB. Agora, o partido ter\u00e1 que se agarrar com tudo ao nome de Meirelles para liderar a chapa da legenda&#8221;, acrescenta.<\/p>\n<p>&nbsp;<\/p>\n<p>Mas se h\u00e1 comemora\u00e7\u00e3o no entorno de Meirelles, a preocupa\u00e7\u00e3o \u00e9 enorme no Pal\u00e1cio do Planalto. Auxiliares de Temer est\u00e3o tentando encontrar um discurso para preservar o presidente. Mas est\u00e1 dif\u00edcil. Com as pris\u00f5es de Yunes e do coronel Lima Filho, t\u00e3o pr\u00f3ximos de Temer, colocou-se um faca no pesco\u00e7o do presidente.<\/p>\n<p>&nbsp;<\/p>\n<p>Bras\u00edlia,<\/p>\n","protected":false},"excerpt":{"rendered":"<p>Publicamente, jamais o ministro da Fazenda, Henrique Meirelles, vai assumir. Mas aliados dele admitem que a pris\u00e3o de amigos do presidente Michel Temer, entre eles, o advogado Jos\u00e9 Yunes, aumenta as chances de ele ser o candidato do MDB ao Pal\u00e1cio do Planalto. Temer tende a ficar mais enfraquecido e acuado. &nbsp; Para aliados de [&hellip;]<\/p>\n","protected":false},"author":22,"featured_media":0,"comment_status":"open","ping_status":"closed","sticky":false,"template":"","format":"standard","meta":{"footnotes":""},"categories":[600],"tags":[3260,21,1615,111,351],"class_list":["post-7549","post","type-post","status-publish","format-standard","hentry","category-economia","tag-coronel-lima-filho","tag-henrique-meirelles","tag-jose-yunes","tag-michel-temer","tag-prisao"],"_links":{"self":[{"href":"https:\/\/blogs.correiobraziliense.com.br\/vicente\/wp-json\/wp\/v2\/posts\/7549","targetHints":{"allow":["GET"]}}],"collection":[{"href":"https:\/\/blogs.correiobraziliense.com.br\/vicente\/wp-json\/wp\/v2\/posts"}],"about":[{"href":"https:\/\/blogs.correiobraziliense.com.br\/vicente\/wp-json\/wp\/v2\/types\/post"}],"author":[{"embeddable":true,"href":"https:\/\/blogs.correiobraziliense.com.br\/vicente\/wp-json\/wp\/v2\/users\/22"}],"replies":[{"embeddable":true,"href":"https:\/\/blogs.correiobraziliense.com.br\/vicente\/wp-json\/wp\/v2\/comments?post=7549"}],"version-history":[{"count":9,"href":"https:\/\/blogs.correiobraziliense.com.br\/vicente\/wp-json\/wp\/v2\/posts\/7549\/revisions"}],"predecessor-version":[{"id":7558,"href":"https:\/\/blogs.correiobraziliense.com.br\/vicente\/wp-json\/wp\/v2\/posts\/7549\/revisions\/7558"}],"wp:attachment":[{"href":"https:\/\/blogs.correiobraziliense.com.br\/vicente\/wp-json\/wp\/v2\/media?parent=7549"}],"wp:term":[{"taxonomy":"category","embeddable":true,"href":"https:\/\/blogs.correiobraziliense.com.br\/vicente\/wp-json\/wp\/v2\/categories?post=7549"},{"taxonomy":"post_tag","embeddable":true,"href":"https:\/\/blogs.correiobraziliense.com.br\/vicente\/wp-json\/wp\/v2\/tags?post=7549"}],"curies":[{"name":"wp","href":"https:\/\/api.w.org\/{rel}","templated":true}]}}