{"id":7547,"date":"2018-03-29T09:56:56","date_gmt":"2018-03-29T12:56:56","guid":{"rendered":"https:\/\/blogs.correiobraziliense.com.br\/vicente\/?p=7547"},"modified":"2018-03-29T10:06:20","modified_gmt":"2018-03-29T13:06:20","slug":"rombo-da-funcef-cai-para-r-25-bilhoes","status":"publish","type":"post","link":"https:\/\/blogs.correiobraziliense.com.br\/vicente\/rombo-da-funcef-cai-para-r-25-bilhoes\/","title":{"rendered":"Rombo da Funcef cai para R$ 2,5 bilh\u00f5es"},"content":{"rendered":"<h2>ANTONIO TEM\u00d3TEO<\/h2>\n<h2><\/h2>\n<h2>Em meio ao processo eleitoral que definir\u00e1 tr\u00eas diretores e tr\u00eas conselheiros, a Funcef, o fundo de pens\u00e3o dos empregados da Caixa Econ\u00f4mica Federal, divulgou o balan\u00e7o de 2017. A boa not\u00edcia \u00e9 que n\u00e3o h\u00e1 necessidade de um novo equacionamento nos planos de aposentadoria da entidade. Os investimentos apontaram rentabilidade de R$ 12,6 bilh\u00f5es, quando a meta atuarial demandava resultado positivo de R$ 7,6 bilh\u00f5es.<\/h2>\n<p>&nbsp;<\/p>\n<p>At\u00e9 2016, o deficit acumulado pela Funcef chegava a R$ 12,4 bilh\u00f5es. Com os ganhos obtidos, o saldo negativo diminuiu para R$ 6,5 bilh\u00f5es. Por meio do ajuste de precifica\u00e7\u00e3o de ativos, o deficit caiu para R$ 2,5 bilh\u00f5es e n\u00e3o ser\u00e3o necess\u00e1rias contribui\u00e7\u00f5es adicionais dos participantes para cobrir o rombo.<\/p>\n<p>&nbsp;<\/p>\n<p><em>Bras\u00edlia, 09h56min<\/em><\/p>\n","protected":false},"excerpt":{"rendered":"<p>ANTONIO TEM\u00d3TEO Em meio ao processo eleitoral que definir\u00e1 tr\u00eas diretores e tr\u00eas conselheiros, a Funcef, o fundo de pens\u00e3o dos empregados da Caixa Econ\u00f4mica Federal, divulgou o balan\u00e7o de 2017. A boa not\u00edcia \u00e9 que n\u00e3o h\u00e1 necessidade de um novo equacionamento nos planos de aposentadoria da entidade. Os investimentos apontaram rentabilidade de R$ [&hellip;]<\/p>\n","protected":false},"author":22,"featured_media":0,"comment_status":"open","ping_status":"closed","sticky":false,"template":"","format":"standard","meta":{"footnotes":""},"categories":[600],"tags":[2097,3259,109,279,541],"class_list":["post-7547","post","type-post","status-publish","format-standard","hentry","category-economia","tag-ativos","tag-contribuicoes-extras","tag-funcef","tag-queda","tag-rombo"],"_links":{"self":[{"href":"https:\/\/blogs.correiobraziliense.com.br\/vicente\/wp-json\/wp\/v2\/posts\/7547","targetHints":{"allow":["GET"]}}],"collection":[{"href":"https:\/\/blogs.correiobraziliense.com.br\/vicente\/wp-json\/wp\/v2\/posts"}],"about":[{"href":"https:\/\/blogs.correiobraziliense.com.br\/vicente\/wp-json\/wp\/v2\/types\/post"}],"author":[{"embeddable":true,"href":"https:\/\/blogs.correiobraziliense.com.br\/vicente\/wp-json\/wp\/v2\/users\/22"}],"replies":[{"embeddable":true,"href":"https:\/\/blogs.correiobraziliense.com.br\/vicente\/wp-json\/wp\/v2\/comments?post=7547"}],"version-history":[{"count":1,"href":"https:\/\/blogs.correiobraziliense.com.br\/vicente\/wp-json\/wp\/v2\/posts\/7547\/revisions"}],"predecessor-version":[{"id":7548,"href":"https:\/\/blogs.correiobraziliense.com.br\/vicente\/wp-json\/wp\/v2\/posts\/7547\/revisions\/7548"}],"wp:attachment":[{"href":"https:\/\/blogs.correiobraziliense.com.br\/vicente\/wp-json\/wp\/v2\/media?parent=7547"}],"wp:term":[{"taxonomy":"category","embeddable":true,"href":"https:\/\/blogs.correiobraziliense.com.br\/vicente\/wp-json\/wp\/v2\/categories?post=7547"},{"taxonomy":"post_tag","embeddable":true,"href":"https:\/\/blogs.correiobraziliense.com.br\/vicente\/wp-json\/wp\/v2\/tags?post=7547"}],"curies":[{"name":"wp","href":"https:\/\/api.w.org\/{rel}","templated":true}]}}