{"id":7545,"date":"2018-03-29T06:31:20","date_gmt":"2018-03-29T09:31:20","guid":{"rendered":"https:\/\/blogs.correiobraziliense.com.br\/vicente\/?p=7545"},"modified":"2018-03-29T09:46:42","modified_gmt":"2018-03-29T12:46:42","slug":"correio-economico-o-desafio-de-meirelles-de-lidar-com-o-ostracismo","status":"publish","type":"post","link":"https:\/\/blogs.correiobraziliense.com.br\/vicente\/correio-economico-o-desafio-de-meirelles-de-lidar-com-o-ostracismo\/","title":{"rendered":"Correio Econ\u00f4mico: O desafio de Meirelles de lidar com o ostracismo"},"content":{"rendered":"<h2>ANTONIO TEM\u00d3TEO<\/h2>\n<h2><\/h2>\n<h2>A iminente sa\u00edda de Henrique Meirelles do Minist\u00e9rio da Fazenda para disputar as elei\u00e7\u00f5es presidenciais o colocar\u00e1 em uma situa\u00e7\u00e3o inusitada. Como chefe de equipe econ\u00f4mica, Meirelles arrasta muita gente, que se acotovela para ouvir o que ele tem a dizer, sobretudo quando o tema \u00e9 recupera\u00e7\u00e3o da economia. Mesmo quando n\u00e3o tem nada a dizer, basta descer na portaria do minist\u00e9rio para ganhar os holofotes. Como ex-ministro, por\u00e9m, o pr\u00e9-candidato se tornar\u00e1 mais um na corrida para chegar \u00e0 Presid\u00eancia da Rep\u00fablica. As chances de cair no esquecimento e n\u00e3o decolar s\u00e3o enormes. Ser\u00e1 uma guerra para Meirelles lidar com o ostracismo. N\u00e3o se pode esquecer que, entre a sa\u00edda dele da Fazenda e o in\u00edcio oficial da campanha, h\u00e1 uma longa jornada de mais de 100 dias.<\/h2>\n<p>&nbsp;<\/p>\n<p>A capacidade de Meirelles para gerir o pa\u00eds e comandar a pol\u00edtica econ\u00f4mica \u00e9 incontest\u00e1vel. Banqueiros, empres\u00e1rios e investidores s\u00e3o un\u00e2nimes em defender que ele seria a melhor alternativa para o pa\u00eds a partir de 2019. Entretanto, elei\u00e7\u00f5es s\u00e3o ganhas por meio de votos e, com apenas 1% dos eleitores favor\u00e1veis ao seu nome, ele ainda patina na corrida eleitoral.<\/p>\n<p>&nbsp;<\/p>\n<p>Ao longo dos seus 72 anos, Meirelles fez uma \u00fanica campanha pol\u00edtica. Saiu-se vitorioso, diga-se de passagem, para o cargo de deputado federal pelo estado de Goi\u00e1s, mas, assim que assumiu o posto, foi convidado pelo ent\u00e3o presidente Lu\u00eds In\u00e1cio Lula da Silva para comandar o Banco Central. Pesa ainda contra ele a falta de intimidade com o Congresso Nacional e a inabilidade pol\u00edtica para unir diversas correntes de interesse, algo essencial para que a C\u00e2mara e o Senado aprovem propostas de interesse do governo.<\/p>\n<p>&nbsp;<\/p>\n<p><strong>Desafios<\/strong><\/p>\n<p>&nbsp;<\/p>\n<p>Al\u00e9m do desafio de percorrer o Brasil para se consolidar como alternativa para comandar o pa\u00eds, o quase ex-ministro da Fazenda (ele se filiar\u00e1 ao MDB em 3 de abril) ter\u00e1 de mudar o discurso t\u00e9cnico e carregado de \u201ceconom\u00eas\u201d para uma narrativa palat\u00e1vel \u00e0 sociedade brasileira. Meirelles n\u00e3o ter\u00e1 a seu favor, durante os pr\u00f3ximos meses, n\u00edveis de desemprego confort\u00e1veis ou dados que comprovem que a recupera\u00e7\u00e3o da atividade \u00e9 robusta e sustent\u00e1vel. Tamb\u00e9m n\u00e3o est\u00e1 claro qual ser\u00e1 sua estrat\u00e9gia de campanha e como se comportar\u00e1 diante do povo.<\/p>\n<p>&nbsp;<\/p>\n<p>O chefe da equipe econ\u00f4mica tem apostado nas redes sociais para se tornar mais conhecido. Estima-se que ele j\u00e1 tenha comprometido R$ 5 milh\u00f5es para se tornar conhecido do grande p\u00fablico. Meirelles tem concedido entrevistas di\u00e1rias para r\u00e1dios, jornais e redes locais de televis\u00e3o. Entretanto, fora do Minist\u00e9rio da Fazenda, o apelo para esse tipo de exposi\u00e7\u00e3o tende a diminuir. \u201cOu ele decola ou suas chances de se viabilizar candidato ser\u00e3o enterradas. H\u00e1 um esfor\u00e7o de apoiadores de Michel Temer para que ele seja candidato a vice na chapa do MDB, mas nem isso est\u00e1 garantido\u201d, diz um interlocutor do presidente da Rep\u00fablica.<\/p>\n<p>&nbsp;<\/p>\n<p>A capacidade pol\u00edtica de aglutinar apoio em torno da candidatura ser\u00e1 posta \u00e0 prova a partir do dia em que Meirelles deixar a Fazenda. E n\u00e3o est\u00e1 claro se ele ter\u00e1 \u00eaxito na miss\u00e3o de se tornar o preferido dos brasileiros para comandar o pa\u00eds a partir de janeiro 2019. Seus apoiadores dizem que ele n\u00e3o tem mais nada a perder. E deve correr, sem medo, atr\u00e1s de seu sonho. Vai que a sorte ajuda.<\/p>\n<p>&nbsp;<\/p>\n<p><em>Bras\u00edlia, 06h31min<\/em><\/p>\n","protected":false},"excerpt":{"rendered":"<p>ANTONIO TEM\u00d3TEO A iminente sa\u00edda de Henrique Meirelles do Minist\u00e9rio da Fazenda para disputar as elei\u00e7\u00f5es presidenciais o colocar\u00e1 em uma situa\u00e7\u00e3o inusitada. Como chefe de equipe econ\u00f4mica, Meirelles arrasta muita gente, que se acotovela para ouvir o que ele tem a dizer, sobretudo quando o tema \u00e9 recupera\u00e7\u00e3o da economia. Mesmo quando n\u00e3o tem [&hellip;]<\/p>\n","protected":false},"author":22,"featured_media":0,"comment_status":"open","ping_status":"closed","sticky":false,"template":"","format":"standard","meta":{"footnotes":""},"categories":[600],"tags":[1257,1216,665,21,3258],"class_list":["post-7545","post","type-post","status-publish","format-standard","hentry","category-economia","tag-campanha","tag-campanha-eleitoral","tag-eleicoes","tag-henrique-meirelles","tag-ostracismo"],"_links":{"self":[{"href":"https:\/\/blogs.correiobraziliense.com.br\/vicente\/wp-json\/wp\/v2\/posts\/7545","targetHints":{"allow":["GET"]}}],"collection":[{"href":"https:\/\/blogs.correiobraziliense.com.br\/vicente\/wp-json\/wp\/v2\/posts"}],"about":[{"href":"https:\/\/blogs.correiobraziliense.com.br\/vicente\/wp-json\/wp\/v2\/types\/post"}],"author":[{"embeddable":true,"href":"https:\/\/blogs.correiobraziliense.com.br\/vicente\/wp-json\/wp\/v2\/users\/22"}],"replies":[{"embeddable":true,"href":"https:\/\/blogs.correiobraziliense.com.br\/vicente\/wp-json\/wp\/v2\/comments?post=7545"}],"version-history":[{"count":1,"href":"https:\/\/blogs.correiobraziliense.com.br\/vicente\/wp-json\/wp\/v2\/posts\/7545\/revisions"}],"predecessor-version":[{"id":7546,"href":"https:\/\/blogs.correiobraziliense.com.br\/vicente\/wp-json\/wp\/v2\/posts\/7545\/revisions\/7546"}],"wp:attachment":[{"href":"https:\/\/blogs.correiobraziliense.com.br\/vicente\/wp-json\/wp\/v2\/media?parent=7545"}],"wp:term":[{"taxonomy":"category","embeddable":true,"href":"https:\/\/blogs.correiobraziliense.com.br\/vicente\/wp-json\/wp\/v2\/categories?post=7545"},{"taxonomy":"post_tag","embeddable":true,"href":"https:\/\/blogs.correiobraziliense.com.br\/vicente\/wp-json\/wp\/v2\/tags?post=7545"}],"curies":[{"name":"wp","href":"https:\/\/api.w.org\/{rel}","templated":true}]}}