{"id":7538,"date":"2018-03-28T18:41:03","date_gmt":"2018-03-28T21:41:03","guid":{"rendered":"https:\/\/blogs.correiobraziliense.com.br\/vicente\/?p=7538"},"modified":"2018-03-28T19:07:14","modified_gmt":"2018-03-28T22:07:14","slug":"tcu-contesta-fiscalizacao-de-planos-de-saude-feita-pela-ans","status":"publish","type":"post","link":"https:\/\/blogs.correiobraziliense.com.br\/vicente\/tcu-contesta-fiscalizacao-de-planos-de-saude-feita-pela-ans\/","title":{"rendered":"TCU contesta fiscaliza\u00e7\u00e3o de planos de sa\u00fade feita pela ANS"},"content":{"rendered":"<h2>HAMILTON FERRARI<\/h2>\n<h2><\/h2>\n<h2>Uma auditoria feita pelo Tribunal de Contas da Uni\u00e3o (TCU) mostra que a Ag\u00eancia Nacional de Sa\u00fade Suplementar (ANS) n\u00e3o est\u00e1 atuando adequadamente na pr\u00e1tica regulat\u00f3ria dos planos de sa\u00fade individuais e coletivos, o que favorece a pr\u00e1tica de reajustes abusivos contra os consumidores.\u00a0A ag\u00eancia ter\u00e1 um prazo de 180 dias para apresentar um \u201cplano de provid\u00eancias\u201d.<\/h2>\n<p>&nbsp;<\/p>\n<p>A auditoria focou nos reajustes anuais de planos coletivos e individuais. De acordo com a an\u00e1lise, a ANS n\u00e3o possui procedimentos e mecanismos adequados e suficientes para a preven\u00e7\u00e3o, identifica\u00e7\u00e3o e corre\u00e7\u00e3o de reajustes abusivos em seguros coletivos. Nos planos individuais, o TCU notou que h\u00e1 falhas para a defini\u00e7\u00e3o do teto dos reajustes.<\/p>\n<p>&nbsp;<\/p>\n<p>O ministro Benjamin Zymler \u00e9 o relator do processo. A auditoria foi apreciada e aprovada na manh\u00e3 desta quarta (28\/3) pelo plen\u00e1rio do tribunal. Agora, a ANS ter\u00e1 que apresentar \u201catitudes\u201d para demonstrar maiores conhecimentos sobre informa\u00e7\u00f5es econ\u00f4mico-financeiras das empresas e as pr\u00e1ticas abusivas contra os consumidores.<\/p>\n<p>&nbsp;<\/p>\n<p>O TCU concluiu que a ag\u00eancia precisa, em 180 dias, apresentar um plano de provid\u00eancia com mecanismos que permitam uma aferi\u00e7\u00e3o \u201cefetiva\u201d e com \u201cfidedignidade\u201d das informa\u00e7\u00f5es repassadas pelas empresas.<\/p>\n<p>&nbsp;<\/p>\n<p>Al\u00e9m disso, ter\u00e1 que reavaliar a metodologia para defini\u00e7\u00e3o do \u00edndice m\u00e1ximo de reajuste anual dos planos de sa\u00fade individuais e familiares, a fim de prevenir reajustes elevados. Ao <strong>Blog<\/strong>, a ANS informou que n\u00e3o foi comunicada oficialmente sobre a decis\u00e3o do TCU, n\u00e3o sendo poss\u00edvel, portanto, comentar o teor do ac\u00f3rd\u00e3o.<\/p>\n<p>&nbsp;<\/p>\n<p>O ministro substituto Weder de Oliveira ressaltou, em seu voto, que essa auditoria \u00e9 extremamente sens\u00edvel porque atinge diretamente a popula\u00e7\u00e3o carente de servi\u00e7os p\u00fablicos de sa\u00fade de qualidade. \u201cTais riscos atingem de forma mais dram\u00e1tica a popula\u00e7\u00e3o idosa, cujos contratos sofrem com os maiores \u00edndices de aumentos\u201d, apontou, destacando que os reajustes fazem com que pessoas n\u00e3o consigam arcar com as despesas do seguro, \u201cque se tornam cada vez mais pesadas nos or\u00e7amentos das fam\u00edlias.<\/p>\n<p>&nbsp;<\/p>\n<p>O presidente do TCU, Raimundo Carreiro, apontou que a ANS j\u00e1 deveria ter um plano de provid\u00eancias e n\u00e3o precisava &#8220;que o tribunal exigisse 180 dias&#8221;. &#8220;Trata-se de um assunto t\u00e3o delicado e tantas pessoas fr\u00e1geis, como crian\u00e7a, idosos, como pessoas mais carentes, e a ANS n\u00e3o tem um plano nesse sentido, de aferir esses pre\u00e7os\u201d, declarou.<\/p>\n","protected":false},"excerpt":{"rendered":"<p>HAMILTON FERRARI Uma auditoria feita pelo Tribunal de Contas da Uni\u00e3o (TCU) mostra que a Ag\u00eancia Nacional de Sa\u00fade Suplementar (ANS) n\u00e3o est\u00e1 atuando adequadamente na pr\u00e1tica regulat\u00f3ria dos planos de sa\u00fade individuais e coletivos, o que favorece a pr\u00e1tica de reajustes abusivos contra os consumidores.\u00a0A ag\u00eancia ter\u00e1 um prazo de 180 dias para apresentar [&hellip;]<\/p>\n","protected":false},"author":22,"featured_media":0,"comment_status":"open","ping_status":"closed","sticky":false,"template":"","format":"standard","meta":{"footnotes":""},"categories":[600],"tags":[711,2914,252,3180,3257,50],"class_list":["post-7538","post","type-post","status-publish","format-standard","hentry","category-economia","tag-ans","tag-auditoria","tag-fiscalizacao","tag-plano-de-saude","tag-regulamentacao","tag-tcu"],"_links":{"self":[{"href":"https:\/\/blogs.correiobraziliense.com.br\/vicente\/wp-json\/wp\/v2\/posts\/7538","targetHints":{"allow":["GET"]}}],"collection":[{"href":"https:\/\/blogs.correiobraziliense.com.br\/vicente\/wp-json\/wp\/v2\/posts"}],"about":[{"href":"https:\/\/blogs.correiobraziliense.com.br\/vicente\/wp-json\/wp\/v2\/types\/post"}],"author":[{"embeddable":true,"href":"https:\/\/blogs.correiobraziliense.com.br\/vicente\/wp-json\/wp\/v2\/users\/22"}],"replies":[{"embeddable":true,"href":"https:\/\/blogs.correiobraziliense.com.br\/vicente\/wp-json\/wp\/v2\/comments?post=7538"}],"version-history":[{"count":6,"href":"https:\/\/blogs.correiobraziliense.com.br\/vicente\/wp-json\/wp\/v2\/posts\/7538\/revisions"}],"predecessor-version":[{"id":7544,"href":"https:\/\/blogs.correiobraziliense.com.br\/vicente\/wp-json\/wp\/v2\/posts\/7538\/revisions\/7544"}],"wp:attachment":[{"href":"https:\/\/blogs.correiobraziliense.com.br\/vicente\/wp-json\/wp\/v2\/media?parent=7538"}],"wp:term":[{"taxonomy":"category","embeddable":true,"href":"https:\/\/blogs.correiobraziliense.com.br\/vicente\/wp-json\/wp\/v2\/categories?post=7538"},{"taxonomy":"post_tag","embeddable":true,"href":"https:\/\/blogs.correiobraziliense.com.br\/vicente\/wp-json\/wp\/v2\/tags?post=7538"}],"curies":[{"name":"wp","href":"https:\/\/api.w.org\/{rel}","templated":true}]}}