{"id":7529,"date":"2018-03-27T15:27:27","date_gmt":"2018-03-27T18:27:27","guid":{"rendered":"https:\/\/blogs.correiobraziliense.com.br\/vicente\/?p=7529"},"modified":"2018-03-27T17:22:15","modified_gmt":"2018-03-27T20:22:15","slug":"por-temer-gilberto-occhi-fica-na-presidencia-da-caixa","status":"publish","type":"post","link":"https:\/\/blogs.correiobraziliense.com.br\/vicente\/por-temer-gilberto-occhi-fica-na-presidencia-da-caixa\/","title":{"rendered":"Por Temer, Gilberto Occhi fica na presid\u00eancia da Caixa"},"content":{"rendered":"<h2>ANTONIO TEM\u00d3TEO<\/h2>\n<h2><\/h2>\n<h2>Diante do excelente resultado da Caixa Econ\u00f4mica Federal, que, mesmo envolvida em uma s\u00e9rie de den\u00fancias, registrou lucro l\u00edquido recorde de R$ 12,5 bilh\u00f5es em 2017, o presidente Michel Temer decidiu manter Gilberto Occhi na presid\u00eancia do banco. Ele s\u00f3 ser\u00e1 transferido para outro cargo \u2014 o Minist\u00e9rio da Sa\u00fade, por exemplo \u2014 se o partido dele, o PP, quiser.<\/h2>\n<p>&nbsp;<\/p>\n<p>Temer, inclusive, deve se encontrar nesta ter\u00e7a-feira, 27, com o presidente do PP, senador Ciro Nogueira, para discutir a reforma ministerial. O ponto principal a ser tratado \u00e9 o Minist\u00e9rio da Sa\u00fade, j\u00e1 que o atual ministro, Ricardo Barros, deixar\u00e1 o cargo para concorrer nas pr\u00f3ximas elei\u00e7\u00f5es.<\/p>\n<p>&nbsp;<\/p>\n<p>Se Ciro Nogueira fizer mesmo quest\u00e3o de levar Occhi para a Sa\u00fade, dois vice-presidentes da Caixa surgem no p\u00e1reo para o comando do banco p\u00fablico. Um deles \u00e9 o vice de Habita\u00e7\u00e3o da Caixa, Nelson Ant\u00f4nio de Souza, que teria o apoio do PP para o posto.<\/p>\n<p>&nbsp;<\/p>\n<p>O outro candidato ao posto \u00e9 o vice-presidente de Finan\u00e7as e Controladoria, Arno Meyer, que conta com o apoio do Minist\u00e9rio da Fazenda. No Executivo Federal, ele foi secret\u00e1rio de Pol\u00edtica Econ\u00f4mica no Minist\u00e9rio de Planejamento. No Minist\u00e9rio da Fazenda, exerceu os cargos de secret\u00e1rio e secret\u00e1rio-adjunto de Pol\u00edtica Econ\u00f4mica, al\u00e9m do posto de secret\u00e1rio-adjunto de Assuntos Internacionais.<\/p>\n<p>&nbsp;<\/p>\n<p>O PP j\u00e1 avisou a Temer que n\u00e3o abre m\u00e3o do comando da Caixa. As lideran\u00e7as do partido garantem que, se Occhi realmente trocar o comando do banco pela Sa\u00fade, n\u00e3o abrir\u00e3o m\u00e3o de indicar o sucessor dele. E, nesse caso, Nelson\u00a0Souza, que j\u00e1 foi diretor executivo de Gest\u00e3o de Pessoas e chefe de gabinete da presid\u00eancia do banco, tem total prefer\u00eancia.<\/p>\n<p>&nbsp;<\/p>\n<p>N\u00e3o custa lembrar que, ainda no governo de Dilma Rousseff, em 2014, Souza assumiu a presid\u00eancia do Banco do Nordeste, ano em que a institui\u00e7\u00e3o registrou o maior resultado financeiro da sua hist\u00f3ria. &#8220;A Caixa \u00e9 do PP. E o presidente Temer est\u00e1 ciente disso. Nossos quadros s\u00e3o muito competentes&#8221;, afirma um dos l\u00edderes do partido.<\/p>\n<p>&nbsp;<\/p>\n<p><em>Bras\u00edlia, 15h27min<\/em><\/p>\n","protected":false},"excerpt":{"rendered":"<p>ANTONIO TEM\u00d3TEO Diante do excelente resultado da Caixa Econ\u00f4mica Federal, que, mesmo envolvida em uma s\u00e9rie de den\u00fancias, registrou lucro l\u00edquido recorde de R$ 12,5 bilh\u00f5es em 2017, o presidente Michel Temer decidiu manter Gilberto Occhi na presid\u00eancia do banco. Ele s\u00f3 ser\u00e1 transferido para outro cargo \u2014 o Minist\u00e9rio da Sa\u00fade, por exemplo \u2014 [&hellip;]<\/p>\n","protected":false},"author":22,"featured_media":0,"comment_status":"open","ping_status":"closed","sticky":false,"template":"","format":"standard","meta":{"footnotes":""},"categories":[600],"tags":[115,3253,296,525,579],"class_list":["post-7529","post","type-post","status-publish","format-standard","hentry","category-economia","tag-caixa-economica-federal","tag-ciro-nogueira","tag-gilberto-occhi","tag-pp","tag-saude"],"_links":{"self":[{"href":"https:\/\/blogs.correiobraziliense.com.br\/vicente\/wp-json\/wp\/v2\/posts\/7529","targetHints":{"allow":["GET"]}}],"collection":[{"href":"https:\/\/blogs.correiobraziliense.com.br\/vicente\/wp-json\/wp\/v2\/posts"}],"about":[{"href":"https:\/\/blogs.correiobraziliense.com.br\/vicente\/wp-json\/wp\/v2\/types\/post"}],"author":[{"embeddable":true,"href":"https:\/\/blogs.correiobraziliense.com.br\/vicente\/wp-json\/wp\/v2\/users\/22"}],"replies":[{"embeddable":true,"href":"https:\/\/blogs.correiobraziliense.com.br\/vicente\/wp-json\/wp\/v2\/comments?post=7529"}],"version-history":[{"count":1,"href":"https:\/\/blogs.correiobraziliense.com.br\/vicente\/wp-json\/wp\/v2\/posts\/7529\/revisions"}],"predecessor-version":[{"id":7530,"href":"https:\/\/blogs.correiobraziliense.com.br\/vicente\/wp-json\/wp\/v2\/posts\/7529\/revisions\/7530"}],"wp:attachment":[{"href":"https:\/\/blogs.correiobraziliense.com.br\/vicente\/wp-json\/wp\/v2\/media?parent=7529"}],"wp:term":[{"taxonomy":"category","embeddable":true,"href":"https:\/\/blogs.correiobraziliense.com.br\/vicente\/wp-json\/wp\/v2\/categories?post=7529"},{"taxonomy":"post_tag","embeddable":true,"href":"https:\/\/blogs.correiobraziliense.com.br\/vicente\/wp-json\/wp\/v2\/tags?post=7529"}],"curies":[{"name":"wp","href":"https:\/\/api.w.org\/{rel}","templated":true}]}}