{"id":7527,"date":"2018-03-27T14:03:30","date_gmt":"2018-03-27T17:03:30","guid":{"rendered":"https:\/\/blogs.correiobraziliense.com.br\/vicente\/?p=7527"},"modified":"2018-03-27T16:23:12","modified_gmt":"2018-03-27T19:23:12","slug":"dyogo-tera-opcao-de-escolher-entre-planejamento-e-bndes","status":"publish","type":"post","link":"https:\/\/blogs.correiobraziliense.com.br\/vicente\/dyogo-tera-opcao-de-escolher-entre-planejamento-e-bndes\/","title":{"rendered":"Dyogo ter\u00e1 op\u00e7\u00e3o de escolher entre Planejamento e BNDES"},"content":{"rendered":"<h2>O presidente Michel Temer deu total liberdade para o ministro do Planejamento, Dyogo Oliveira, escolher se continua no cargo, no qual recebe o teto do funcionalismo, R$ 33,7 mil por m\u00eas, ou se vai para a presid\u00eancia do Banco Nacional de Desenvolvimento Econ\u00f4mico e Social (BNDES), onde ter\u00e1 sal\u00e1rio mensal de quase R$ 100 mil.<\/h2>\n<p>&nbsp;<\/p>\n<p>&#8220;N\u00e3o for\u00e7aremos Dyogo a nada. A escolha ser\u00e1 dele&#8221;, diz Temer a assessores, quando questionado sobre o assunto. Dyogo, por\u00e9m, ter\u00e1 que decidir at\u00e9 7 de abril, quando Temer espera ter fechado seu novo governo, depois da sa\u00edda daqueles que v\u00e3o concorrer a um cargo eletivo.<\/p>\n<p>&nbsp;<\/p>\n<p>A princ\u00edpio, na equipe econ\u00f4mica, Temer ter\u00e1 que substituir Henrique Meirelles no Minist\u00e9rio da Fazenda \u2014 e a\u00ed, o escolhido \u00e9 Eduardo Guardia, secret\u00e1rio executivo \u2014 e o presidente do BNDES, Paulo Rabello de Castro, que se filiou ao PSC para disputar o Pal\u00e1cio do Planalto. Rabello de Castro, inclusive, se casou depois de 20 anos de uni\u00e3o est\u00e1vel para agradar o Pastor Everaldo, dono do PSC.<\/p>\n<p>&nbsp;<\/p>\n<p>H\u00e1 duas possibilidades para o comando do BNDES: Dyogo Oliveira ou Mansueto Almeida, hoje secret\u00e1rio de Acompanhamento Fiscal. Se Dyogo permanecer do Planejamento, Mansueto pode ir para o BNDES. Caso Dyogo decida ir para o comando o banco, Mansueto tende a ser deslocado para o Planejamento.<\/p>\n<p>&nbsp;<\/p>\n<p>&#8220;Esses detalhes est\u00e3o sendo fechados. O importante \u00e9 que temos boas op\u00e7\u00f5es, que, certamente, ser\u00e3o endossadas pelo mercado&#8221;, ressalta um assessor de Temer. Segundo ele, nada impede que tamb\u00e9m Mansueto continue na Fazenda e Dyogo, no Planejamento, com um dos diretores do BNDES sendo al\u00e7ado \u00e0 presid\u00eancia da institui\u00e7\u00e3o. Essa hip\u00f3tese \u00e9 a menos prov\u00e1vel hoje, mas est\u00e1 no card\u00e1pio.<\/p>\n<p>&nbsp;<\/p>\n<p>Temer est\u00e1 convencido de que a transi\u00e7\u00e3o da equipe econ\u00f4mica ser\u00e1 tranquila, com todas as diretrizes mantidas. N\u00e3o h\u00e1 porque, no entender do presidente, mexer muito num time que est\u00e1 ganhando. S\u00f3 ser\u00e3o preenchidas, e com muito crit\u00e9rio, as vagas que ser\u00e3o abertas.<\/p>\n<p>&nbsp;<\/p>\n<p><em>Bras\u00edlia, 14h03min<\/em><\/p>\n","protected":false},"excerpt":{"rendered":"<p>O presidente Michel Temer deu total liberdade para o ministro do Planejamento, Dyogo Oliveira, escolher se continua no cargo, no qual recebe o teto do funcionalismo, R$ 33,7 mil por m\u00eas, ou se vai para a presid\u00eancia do Banco Nacional de Desenvolvimento Econ\u00f4mico e Social (BNDES), onde ter\u00e1 sal\u00e1rio mensal de quase R$ 100 mil. [&hellip;]<\/p>\n","protected":false},"author":22,"featured_media":0,"comment_status":"open","ping_status":"closed","sticky":false,"template":"","format":"standard","meta":{"footnotes":""},"categories":[600],"tags":[89,84,21,111,847],"class_list":["post-7527","post","type-post","status-publish","format-standard","hentry","category-economia","tag-bndes","tag-dyogo-oliveira","tag-henrique-meirelles","tag-michel-temer","tag-planejamento"],"_links":{"self":[{"href":"https:\/\/blogs.correiobraziliense.com.br\/vicente\/wp-json\/wp\/v2\/posts\/7527","targetHints":{"allow":["GET"]}}],"collection":[{"href":"https:\/\/blogs.correiobraziliense.com.br\/vicente\/wp-json\/wp\/v2\/posts"}],"about":[{"href":"https:\/\/blogs.correiobraziliense.com.br\/vicente\/wp-json\/wp\/v2\/types\/post"}],"author":[{"embeddable":true,"href":"https:\/\/blogs.correiobraziliense.com.br\/vicente\/wp-json\/wp\/v2\/users\/22"}],"replies":[{"embeddable":true,"href":"https:\/\/blogs.correiobraziliense.com.br\/vicente\/wp-json\/wp\/v2\/comments?post=7527"}],"version-history":[{"count":1,"href":"https:\/\/blogs.correiobraziliense.com.br\/vicente\/wp-json\/wp\/v2\/posts\/7527\/revisions"}],"predecessor-version":[{"id":7528,"href":"https:\/\/blogs.correiobraziliense.com.br\/vicente\/wp-json\/wp\/v2\/posts\/7527\/revisions\/7528"}],"wp:attachment":[{"href":"https:\/\/blogs.correiobraziliense.com.br\/vicente\/wp-json\/wp\/v2\/media?parent=7527"}],"wp:term":[{"taxonomy":"category","embeddable":true,"href":"https:\/\/blogs.correiobraziliense.com.br\/vicente\/wp-json\/wp\/v2\/categories?post=7527"},{"taxonomy":"post_tag","embeddable":true,"href":"https:\/\/blogs.correiobraziliense.com.br\/vicente\/wp-json\/wp\/v2\/tags?post=7527"}],"curies":[{"name":"wp","href":"https:\/\/api.w.org\/{rel}","templated":true}]}}