{"id":7510,"date":"2018-03-26T17:17:07","date_gmt":"2018-03-26T20:17:07","guid":{"rendered":"https:\/\/blogs.correiobraziliense.com.br\/vicente\/?p=7510"},"modified":"2018-03-26T19:17:02","modified_gmt":"2018-03-26T22:17:02","slug":"juca-da-aval-para-meirelles-nomear-sucessor-na-fazenda","status":"publish","type":"post","link":"https:\/\/blogs.correiobraziliense.com.br\/vicente\/juca-da-aval-para-meirelles-nomear-sucessor-na-fazenda\/","title":{"rendered":"Juc\u00e1 d\u00e1 aval para Meirelles nomear sucessor na Fazenda"},"content":{"rendered":"<h2>O senador Romero Juc\u00e1 (MDB-RR) praticamente entregou os pontos e aceitou que Henrique Meirelles indique seu sucessor para o comando do Minist\u00e9rio da Fazenda. O nome de consenso \u00e9 o de Eduardo Guardia, atual secret\u00e1rio executivo da pasta.<\/h2>\n<p>&nbsp;<\/p>\n<p>Para tentar acalmar os \u00e2nimos, \u00e9 poss\u00edvel que o Pal\u00e1cio do Planalto se antecipe aos fatos e anuncie Guardia como sucessor de Meirelles antes mesmo de o ministro deixar o cargo para se candidatar ao Pal\u00e1cio do Planalto.<\/p>\n<p>&nbsp;<\/p>\n<p>O preferido de Juc\u00e1 para a sucess\u00e3o de Meirelles era o ministro do Planejamento, Dyogo Oliveira. Mas Meirelles bateu o p\u00e9, sob a alega\u00e7\u00e3o de que a nomea\u00e7\u00e3o de &#8220;um corpo estranho&#8221; na chefia da Fazenda poderia desarranjar toda a estrutura da pasta, que est\u00e1 funcionando muito bem e tem o aval do mercado.<\/p>\n<p>&nbsp;<\/p>\n<p>A sucess\u00e3o na Fazenda entrou no pacote da negocia\u00e7\u00e3o para que Meirelles se filie ao MDB. O ministro da Fazenda, a princ\u00edpio, ser\u00e1 vice da chapa de Michel Temer, mas aposta todas as fichas que o presidente da Rep\u00fablica n\u00e3o conseguir\u00e1 deslanchar nas inten\u00e7\u00f5es de voto e ele estar\u00e1 em melhor posi\u00e7\u00e3o para representar o MDB na disputa ao Planalto.<\/p>\n<p>&nbsp;<\/p>\n<p>Juc\u00e1 defende que o MDB tenha um candidato \u00e0 Presid\u00eancia da Rep\u00fablica. Ele, inclusive, foi um dos maiores incentivadores para que Temer assumisse a candidatura \u00e0 sucess\u00e3o. O MDB acredita que chegou a hora de testar sua for\u00e7a nas urnas, sobretudo por ter em m\u00e3os o cargo mais poderoso do pa\u00eds.<\/p>\n<p>&nbsp;<\/p>\n<p>Meirelles, com sua ambi\u00e7\u00e3o pela candidatura ao Planalto, \u00e9 um instrumento importante para o MDB. Al\u00e9m de ter dinheiro para bancar parte das despesas de campanha, \u00e9 o \u00fanico, al\u00e9m de Temer, que est\u00e1 disposto a defender o legado do governo. O ministro acredita que ele tirou o pa\u00eds da recess\u00e3o ao emprestar sua credibilidade \u00e0 pol\u00edtica econ\u00f4mica.<\/p>\n<p>&nbsp;<\/p>\n<p>Juc\u00e1 diz, nos bastidores, que foi dele o primeiro movimento dentro do MDB para atrair Meirelles para seus quadros. O ministro ainda est\u00e1 filiado ao PSD, legenda que, desde o in\u00edcio, lhe negou a candidatura por apoiar o governador de S\u00e3o Paulo, Geraldo Alckmin (PSDB).<\/p>\n<p>&nbsp;<\/p>\n<p><em>Bras\u00edlia, 17h17min<\/em><\/p>\n","protected":false},"excerpt":{"rendered":"<p>O senador Romero Juc\u00e1 (MDB-RR) praticamente entregou os pontos e aceitou que Henrique Meirelles indique seu sucessor para o comando do Minist\u00e9rio da Fazenda. O nome de consenso \u00e9 o de Eduardo Guardia, atual secret\u00e1rio executivo da pasta. &nbsp; Para tentar acalmar os \u00e2nimos, \u00e9 poss\u00edvel que o Pal\u00e1cio do Planalto se antecipe aos fatos [&hellip;]<\/p>\n","protected":false},"author":22,"featured_media":0,"comment_status":"open","ping_status":"closed","sticky":false,"template":"","format":"standard","meta":{"footnotes":""},"categories":[600],"tags":[84,144,21,19,187,3094],"class_list":["post-7510","post","type-post","status-publish","format-standard","hentry","category-economia","tag-dyogo-oliveira","tag-eduardo-guardia","tag-henrique-meirelles","tag-ministerio-da-fazenda","tag-romero-juca","tag-sucessao"],"_links":{"self":[{"href":"https:\/\/blogs.correiobraziliense.com.br\/vicente\/wp-json\/wp\/v2\/posts\/7510","targetHints":{"allow":["GET"]}}],"collection":[{"href":"https:\/\/blogs.correiobraziliense.com.br\/vicente\/wp-json\/wp\/v2\/posts"}],"about":[{"href":"https:\/\/blogs.correiobraziliense.com.br\/vicente\/wp-json\/wp\/v2\/types\/post"}],"author":[{"embeddable":true,"href":"https:\/\/blogs.correiobraziliense.com.br\/vicente\/wp-json\/wp\/v2\/users\/22"}],"replies":[{"embeddable":true,"href":"https:\/\/blogs.correiobraziliense.com.br\/vicente\/wp-json\/wp\/v2\/comments?post=7510"}],"version-history":[{"count":9,"href":"https:\/\/blogs.correiobraziliense.com.br\/vicente\/wp-json\/wp\/v2\/posts\/7510\/revisions"}],"predecessor-version":[{"id":7519,"href":"https:\/\/blogs.correiobraziliense.com.br\/vicente\/wp-json\/wp\/v2\/posts\/7510\/revisions\/7519"}],"wp:attachment":[{"href":"https:\/\/blogs.correiobraziliense.com.br\/vicente\/wp-json\/wp\/v2\/media?parent=7510"}],"wp:term":[{"taxonomy":"category","embeddable":true,"href":"https:\/\/blogs.correiobraziliense.com.br\/vicente\/wp-json\/wp\/v2\/categories?post=7510"},{"taxonomy":"post_tag","embeddable":true,"href":"https:\/\/blogs.correiobraziliense.com.br\/vicente\/wp-json\/wp\/v2\/tags?post=7510"}],"curies":[{"name":"wp","href":"https:\/\/api.w.org\/{rel}","templated":true}]}}