{"id":7508,"date":"2018-03-26T15:31:38","date_gmt":"2018-03-26T18:31:38","guid":{"rendered":"https:\/\/blogs.correiobraziliense.com.br\/vicente\/?p=7508"},"modified":"2018-03-26T16:16:59","modified_gmt":"2018-03-26T19:16:59","slug":"dyogo-diz-que-nao-se-mete-em-fofocas-so-quer-trabalhar","status":"publish","type":"post","link":"https:\/\/blogs.correiobraziliense.com.br\/vicente\/dyogo-diz-que-nao-se-mete-em-fofocas-so-quer-trabalhar\/","title":{"rendered":"Dyogo diz que n\u00e3o se mete em fofocas. S\u00f3 quer trabalhar"},"content":{"rendered":"<h2>A sucess\u00e3o de Henrique Meirelles no Minist\u00e9rio da Fazenda \u2014 ele vai se desligar do cargo e se filiar ao MDB no in\u00edcio de abril \u2014 alargou o fosso que separa a pasta e o Planejamento. Integrantes da equipe do ministro Dyogo Oliveira andam incomodados com o que chamam de &#8220;fofoca&#8221; com o intuito de queim\u00e1-lo. A equipe de Meirelles n\u00e3o aceita ser chefiada por Dyogo.<\/h2>\n<p>&nbsp;<\/p>\n<p>Segundo assessores de Dyogo, &#8220;enquanto a equipe do minist\u00e9rio da Fazenda est\u00e1 preocupada em mandar recados pela imprensa sobre a sucess\u00e3o de Meirelles e garantir os empregos, o ministro do Planejamento tem tido uma agenda intensa de encontros&#8221;. Eles dizem que, somente neste m\u00eas de mar\u00e7o, Dyogo foi falar de oportunidades na economia brasileira e de investimentos em infraestrutura em Toronto, em Nova York e em Mendoza, ali numa reuni\u00e3o do Banco Interamericano de Desenvolvimento (BID).<\/p>\n<p>&nbsp;<\/p>\n<p>Al\u00e9m disso, destacam os assessores de Dyogo, o ministro tem se reunido frequentemente com banqueiros e empres\u00e1rios. &#8220;Nesta segunda-feira, 26, enquanto a corrida pelo comando da Fazenda corre solta, Dyogo est\u00e1 trabalhando normalmente e detalhando o \u00faltimo relat\u00f3rio de receitas e despesas para economistas-chefes de bancos e corretoras em S\u00e3o Paulo&#8221;, diz um dos assessores.<\/p>\n<p>&nbsp;<\/p>\n<p>Para os defensores de\u00a0Dyogo, n\u00e3o interessa ao ministro entrar nessa &#8220;fofoca&#8221;. O que importa \u00e9 mostrar resultados. E isso, segundo eles, Dyogo tem de sobra. Foi dele, por exemplo, a ideia de liberar recursos das contas inativas do Fundo de Garantia do Tempo de Servi\u00e7o (FGTS), dinheiro que ajudou a impulsionar o consumo das fam\u00edlias e, por tabela, o Produto Interno Bruto (PIB).<\/p>\n<p>&nbsp;<\/p>\n<p>O comando da Fazenda est\u00e1 sendo disputado por Eduardo Guardia (secret\u00e1rio executivo) e Mansueto Almeida (Acompanhamento Fiscal). Eles n\u00e3o aceitam que a pasta venha a ser chefiada por algu\u00e9m de fora, nem mesmo por Dyogo Oliveira, apadrinhado do senador Romero Juc\u00e1 (MDB-RR). A equipe toda de Meirelles amea\u00e7a de demitir se a sucess\u00e3o na Fazenda n\u00e3o priorar algu\u00e9m que j\u00e1 est\u00e1 no time do ministro-candidato.<\/p>\n<p>&nbsp;<\/p>\n<p><em>Bras\u00edlia, 15h31min<\/em><\/p>\n","protected":false},"excerpt":{"rendered":"<p>A sucess\u00e3o de Henrique Meirelles no Minist\u00e9rio da Fazenda \u2014 ele vai se desligar do cargo e se filiar ao MDB no in\u00edcio de abril \u2014 alargou o fosso que separa a pasta e o Planejamento. Integrantes da equipe do ministro Dyogo Oliveira andam incomodados com o que chamam de &#8220;fofoca&#8221; com o intuito de [&hellip;]<\/p>\n","protected":false},"author":22,"featured_media":0,"comment_status":"open","ping_status":"closed","sticky":false,"template":"","format":"standard","meta":{"footnotes":""},"categories":[600],"tags":[84,567,3252,21,2855,3094],"class_list":["post-7508","post","type-post","status-publish","format-standard","hentry","category-economia","tag-dyogo-oliveira","tag-fazenda","tag-guardia","tag-henrique-meirelles","tag-mansueto","tag-sucessao"],"_links":{"self":[{"href":"https:\/\/blogs.correiobraziliense.com.br\/vicente\/wp-json\/wp\/v2\/posts\/7508","targetHints":{"allow":["GET"]}}],"collection":[{"href":"https:\/\/blogs.correiobraziliense.com.br\/vicente\/wp-json\/wp\/v2\/posts"}],"about":[{"href":"https:\/\/blogs.correiobraziliense.com.br\/vicente\/wp-json\/wp\/v2\/types\/post"}],"author":[{"embeddable":true,"href":"https:\/\/blogs.correiobraziliense.com.br\/vicente\/wp-json\/wp\/v2\/users\/22"}],"replies":[{"embeddable":true,"href":"https:\/\/blogs.correiobraziliense.com.br\/vicente\/wp-json\/wp\/v2\/comments?post=7508"}],"version-history":[{"count":1,"href":"https:\/\/blogs.correiobraziliense.com.br\/vicente\/wp-json\/wp\/v2\/posts\/7508\/revisions"}],"predecessor-version":[{"id":7509,"href":"https:\/\/blogs.correiobraziliense.com.br\/vicente\/wp-json\/wp\/v2\/posts\/7508\/revisions\/7509"}],"wp:attachment":[{"href":"https:\/\/blogs.correiobraziliense.com.br\/vicente\/wp-json\/wp\/v2\/media?parent=7508"}],"wp:term":[{"taxonomy":"category","embeddable":true,"href":"https:\/\/blogs.correiobraziliense.com.br\/vicente\/wp-json\/wp\/v2\/categories?post=7508"},{"taxonomy":"post_tag","embeddable":true,"href":"https:\/\/blogs.correiobraziliense.com.br\/vicente\/wp-json\/wp\/v2\/tags?post=7508"}],"curies":[{"name":"wp","href":"https:\/\/api.w.org\/{rel}","templated":true}]}}