{"id":7506,"date":"2018-03-26T13:36:09","date_gmt":"2018-03-26T16:36:09","guid":{"rendered":"https:\/\/blogs.correiobraziliense.com.br\/vicente\/?p=7506"},"modified":"2018-03-26T14:57:12","modified_gmt":"2018-03-26T17:57:12","slug":"fazenda-prepara-rebeliao-se-dyogo-substituir-meirelles","status":"publish","type":"post","link":"https:\/\/blogs.correiobraziliense.com.br\/vicente\/fazenda-prepara-rebeliao-se-dyogo-substituir-meirelles\/","title":{"rendered":"Fazenda prepara rebeli\u00e3o se Dyogo substituir Meirelles"},"content":{"rendered":"<h2>Cotados como poss\u00edveis sucessores de Henrique Meirelles no Minist\u00e9rio da Fazenda, Eduardo Guardia (secret\u00e1rio executivo) e Mansueto Almeida (Acompanhamento Fiscal) j\u00e1 estruturaram uma rebeli\u00e3o se o presidente Michel Temer optar por algu\u00e9m de fora para comandar a pasta. Toda a equipe de Meirelles pedir\u00e1 demiss\u00e3o.<\/h2>\n<p>&nbsp;<\/p>\n<p>Guardia e Mansueto n\u00e3o aceitam sequer serem chefiados por Dyogo Oliveira, que poderia ser deslocado do Planejamento para a Fazenda. Na avalia\u00e7\u00e3o dos dois t\u00e9cnicos da Fazenda, Dyogo \u00e9 uma boa pessoa, mas muito suscet\u00edvel politicamente, por ser ligado diretamente ao senador Romero Juc\u00e1 (MDB-RR).<\/p>\n<p>&nbsp;<\/p>\n<p>O que se diz, sem constrangimento, nos corredores da Fazenda \u00e9 que h\u00e1 um compromisso de Meirelles com a equipe dele de que sua sucess\u00e3o envolver\u00e1 algu\u00e9m do atual grupo do minist\u00e9rio, que tem respaldo dos investidores. N\u00e3o h\u00e1, segundo Guardia e Mansueto, raz\u00f5es para colocar um &#8220;corpo estranho&#8221; neste momento para chefiar a Fazenda.<\/p>\n<p>&nbsp;<\/p>\n<p><strong>Credibilidade<\/strong><\/p>\n<p>&nbsp;<\/p>\n<p>Muito do sucesso da atual pol\u00edtica econ\u00f4mica, no entender de assessores de Meirelles, tem a ver com a credibilidade da equipe de Meirelles. Ainda que n\u00e3o tenha havido melhora nos resultados das contas p\u00fablicas (o deficit previsto para este ano \u00e9 R$ 159 bilh\u00f5es), a situa\u00e7\u00e3o parou de piorar gra\u00e7as \u00e0s medidas corretas que foram tomadas. Essa credibilidade, acreditam Guardia e Mansueto, desmoronar\u00e1 se entrar algu\u00e9m de fora para substituir Meirelles.<\/p>\n<p>&nbsp;<\/p>\n<p>Pelo acerto entre Temer e Meirelles, o comando da Fazenda ficar\u00e1 entre Guardia, o nome mais forte, e Mansueto. O presidente garantiu a Meirelles que ele definir\u00e1 seu sucessor, pois tudo o que n\u00e3o quer \u00e9 criar volatilidade na economia em meio \u00e0 campanha eleitoral. Tanto Temer quanto Meirelles contam com os bons resultados da economia para se viabilizarem como candidatos ao Pal\u00e1cio do Planalto.<\/p>\n<p>&nbsp;<\/p>\n<p>Dyogo, por\u00e9m, est\u00e1 sendo inflado por Juc\u00e1 para se apresentar como sucessor de Meirelles. O senador, por sinal, j\u00e1 fez v\u00e1rias abordagens a Temer sugerindo o nome de seu pupilo para a chefia da equipe econ\u00f4mica. Por enquanto, Temer tem resistido. Ele n\u00e3o quer arrumar briga com Meirelles agora.<\/p>\n<p>&nbsp;<\/p>\n<p>O ministro vai se filiar ao MDB para ser o candidato do partido caso Temer n\u00e3o consiga decolar nas pesquisas ou mesmo ser o vice do presidente. A sintonia entre os dois passa pela sucess\u00e3o na Fazenda.<\/p>\n<p>&nbsp;<\/p>\n<p><em>Bras\u00edlia, 13h36min<\/em><\/p>\n","protected":false},"excerpt":{"rendered":"<p>Cotados como poss\u00edveis sucessores de Henrique Meirelles no Minist\u00e9rio da Fazenda, Eduardo Guardia (secret\u00e1rio executivo) e Mansueto Almeida (Acompanhamento Fiscal) j\u00e1 estruturaram uma rebeli\u00e3o se o presidente Michel Temer optar por algu\u00e9m de fora para comandar a pasta. Toda a equipe de Meirelles pedir\u00e1 demiss\u00e3o. &nbsp; Guardia e Mansueto n\u00e3o aceitam sequer serem chefiados por [&hellip;]<\/p>\n","protected":false},"author":22,"featured_media":0,"comment_status":"open","ping_status":"closed","sticky":false,"template":"","format":"standard","meta":{"footnotes":""},"categories":[600],"tags":[],"class_list":["post-7506","post","type-post","status-publish","format-standard","hentry","category-economia"],"_links":{"self":[{"href":"https:\/\/blogs.correiobraziliense.com.br\/vicente\/wp-json\/wp\/v2\/posts\/7506","targetHints":{"allow":["GET"]}}],"collection":[{"href":"https:\/\/blogs.correiobraziliense.com.br\/vicente\/wp-json\/wp\/v2\/posts"}],"about":[{"href":"https:\/\/blogs.correiobraziliense.com.br\/vicente\/wp-json\/wp\/v2\/types\/post"}],"author":[{"embeddable":true,"href":"https:\/\/blogs.correiobraziliense.com.br\/vicente\/wp-json\/wp\/v2\/users\/22"}],"replies":[{"embeddable":true,"href":"https:\/\/blogs.correiobraziliense.com.br\/vicente\/wp-json\/wp\/v2\/comments?post=7506"}],"version-history":[{"count":1,"href":"https:\/\/blogs.correiobraziliense.com.br\/vicente\/wp-json\/wp\/v2\/posts\/7506\/revisions"}],"predecessor-version":[{"id":7507,"href":"https:\/\/blogs.correiobraziliense.com.br\/vicente\/wp-json\/wp\/v2\/posts\/7506\/revisions\/7507"}],"wp:attachment":[{"href":"https:\/\/blogs.correiobraziliense.com.br\/vicente\/wp-json\/wp\/v2\/media?parent=7506"}],"wp:term":[{"taxonomy":"category","embeddable":true,"href":"https:\/\/blogs.correiobraziliense.com.br\/vicente\/wp-json\/wp\/v2\/categories?post=7506"},{"taxonomy":"post_tag","embeddable":true,"href":"https:\/\/blogs.correiobraziliense.com.br\/vicente\/wp-json\/wp\/v2\/tags?post=7506"}],"curies":[{"name":"wp","href":"https:\/\/api.w.org\/{rel}","templated":true}]}}