{"id":7493,"date":"2018-03-23T18:01:29","date_gmt":"2018-03-23T21:01:29","guid":{"rendered":"https:\/\/blogs.correiobraziliense.com.br\/vicente\/?p=7493"},"modified":"2018-03-23T20:03:19","modified_gmt":"2018-03-23T23:03:19","slug":"meirelles-tira-o-terno-e-veste-figurino-de-candidato","status":"publish","type":"post","link":"https:\/\/blogs.correiobraziliense.com.br\/vicente\/meirelles-tira-o-terno-e-veste-figurino-de-candidato\/","title":{"rendered":"Meirelles tira o terno e veste figurino de candidato"},"content":{"rendered":"<h2>O ministro da Fazenda, Henrique Meirelles, est\u00e1 mais candidato do que nunca. Ele aproveitou a inaugura\u00e7\u00e3o de uma f\u00e1brica da Hemobr\u00e1s, em Goi\u00e2nia, onde mant\u00e9m uma forte base pol\u00edtica, para trocar o terno por um modelito mais pr\u00f3ximo dos pobres mortais.<\/h2>\n<p>&nbsp;<\/p>\n<p><a href=\"https:\/\/blogs.correiobraziliense.com.br\/vicente\/wp-content\/uploads\/sites\/16\/2018\/03\/MeirellesHemobras.jpg\" rel=\"attachment wp-att-7495\"><img loading=\"lazy\" decoding=\"async\" class=\"alignnone size-large wp-image-7495\" src=\"https:\/\/blogs.correiobraziliense.com.br\/vicente\/wp-content\/uploads\/sites\/16\/2018\/03\/MeirellesHemobras-1024x576.jpg\" alt=\"MeirellesHemobras\" width=\"1024\" height=\"576\" srcset=\"https:\/\/blogs.correiobraziliense.com.br\/vicente\/wp-content\/uploads\/sites\/16\/2018\/03\/MeirellesHemobras-1024x576.jpg 1024w, https:\/\/blogs.correiobraziliense.com.br\/vicente\/wp-content\/uploads\/sites\/16\/2018\/03\/MeirellesHemobras-300x169.jpg 300w, https:\/\/blogs.correiobraziliense.com.br\/vicente\/wp-content\/uploads\/sites\/16\/2018\/03\/MeirellesHemobras-768x432.jpg 768w, https:\/\/blogs.correiobraziliense.com.br\/vicente\/wp-content\/uploads\/sites\/16\/2018\/03\/MeirellesHemobras-350x197.jpg 350w, https:\/\/blogs.correiobraziliense.com.br\/vicente\/wp-content\/uploads\/sites\/16\/2018\/03\/MeirellesHemobras-550x309.jpg 550w, https:\/\/blogs.correiobraziliense.com.br\/vicente\/wp-content\/uploads\/sites\/16\/2018\/03\/MeirellesHemobras-230x129.jpg 230w, https:\/\/blogs.correiobraziliense.com.br\/vicente\/wp-content\/uploads\/sites\/16\/2018\/03\/MeirellesHemobras.jpg 1280w\" sizes=\"auto, (max-width: 1024px) 100vw, 1024px\" \/><\/a><\/p>\n<p>&nbsp;<\/p>\n<p>Como sempre, Meirelles ressaltou os feitos do governo. Para ele, o pa\u00eds entrou definitivamente na rota do crescimento econ\u00f4mico e est\u00e1 pronto para crescer pelo menos 3% neste ano. O ministro diz que a infla\u00e7\u00e3o e os juros v\u00e3o se manter baixos por um longo per\u00edodo, gra\u00e7as ao esfor\u00e7o fiscal que vem sendo feito pelo governo.<\/p>\n<p>&nbsp;<\/p>\n<p>Meirelles dividiu o palco com o presidente Michel Temer. Os dois est\u00e3o disputando quem ser\u00e1 o candidato do governo ao Pal\u00e1cio do Planalto. Temer j\u00e1 indicou ao MDB que est\u00e1 pronto para entrar na corrida eleitoral. Meirelles ainda est\u00e1 filiado ao PSD, que n\u00e3o o quer como candidato.<\/p>\n<p>&nbsp;<\/p>\n<p><a href=\"https:\/\/blogs.correiobraziliense.com.br\/vicente\/wp-content\/uploads\/sites\/16\/2018\/03\/MeirellesHemobras1.jpg\" rel=\"attachment wp-att-7497\"><img loading=\"lazy\" decoding=\"async\" class=\"alignnone size-large wp-image-7497\" src=\"https:\/\/blogs.correiobraziliense.com.br\/vicente\/wp-content\/uploads\/sites\/16\/2018\/03\/MeirellesHemobras1-1024x576.jpg\" alt=\"MeirellesHemobras1\" width=\"1024\" height=\"576\" srcset=\"https:\/\/blogs.correiobraziliense.com.br\/vicente\/wp-content\/uploads\/sites\/16\/2018\/03\/MeirellesHemobras1-1024x576.jpg 1024w, https:\/\/blogs.correiobraziliense.com.br\/vicente\/wp-content\/uploads\/sites\/16\/2018\/03\/MeirellesHemobras1-300x169.jpg 300w, https:\/\/blogs.correiobraziliense.com.br\/vicente\/wp-content\/uploads\/sites\/16\/2018\/03\/MeirellesHemobras1-768x432.jpg 768w, https:\/\/blogs.correiobraziliense.com.br\/vicente\/wp-content\/uploads\/sites\/16\/2018\/03\/MeirellesHemobras1-350x197.jpg 350w, https:\/\/blogs.correiobraziliense.com.br\/vicente\/wp-content\/uploads\/sites\/16\/2018\/03\/MeirellesHemobras1-550x309.jpg 550w, https:\/\/blogs.correiobraziliense.com.br\/vicente\/wp-content\/uploads\/sites\/16\/2018\/03\/MeirellesHemobras1-230x129.jpg 230w, https:\/\/blogs.correiobraziliense.com.br\/vicente\/wp-content\/uploads\/sites\/16\/2018\/03\/MeirellesHemobras1.jpg 1280w\" sizes=\"auto, (max-width: 1024px) 100vw, 1024px\" \/><\/a><\/p>\n<p>&nbsp;<\/p>\n<p>O ministro ter\u00e1 at\u00e9 7 de abril para definir seu destino. Temer tem at\u00e9 julho para mapear o terreno e medir at\u00e9 que ponto sua candidatura \u00e9 vi\u00e1vel. Ele est\u00e1 confiante de que pode chegar ao segundo turno sustentado pelos bons indicadores da economia e pelos resultados que aparecer\u00e3o da interven\u00e7\u00e3o federal no Rio de Janeiro.<\/p>\n<p>&nbsp;<\/p>\n<p><em>Bras\u00edlia, \u00a018h01min<\/em><\/p>\n","protected":false},"excerpt":{"rendered":"<p>O ministro da Fazenda, Henrique Meirelles, est\u00e1 mais candidato do que nunca. Ele aproveitou a inaugura\u00e7\u00e3o de uma f\u00e1brica da Hemobr\u00e1s, em Goi\u00e2nia, onde mant\u00e9m uma forte base pol\u00edtica, para trocar o terno por um modelito mais pr\u00f3ximo dos pobres mortais. &nbsp; &nbsp; Como sempre, Meirelles ressaltou os feitos do governo. Para ele, o pa\u00eds [&hellip;]<\/p>\n","protected":false},"author":22,"featured_media":0,"comment_status":"open","ping_status":"closed","sticky":false,"template":"","format":"standard","meta":{"footnotes":""},"categories":[600],"tags":[3028,665,3249,21,111],"class_list":["post-7493","post","type-post","status-publish","format-standard","hentry","category-economia","tag-candidato","tag-eleicoes","tag-hemobras","tag-henrique-meirelles","tag-michel-temer"],"_links":{"self":[{"href":"https:\/\/blogs.correiobraziliense.com.br\/vicente\/wp-json\/wp\/v2\/posts\/7493","targetHints":{"allow":["GET"]}}],"collection":[{"href":"https:\/\/blogs.correiobraziliense.com.br\/vicente\/wp-json\/wp\/v2\/posts"}],"about":[{"href":"https:\/\/blogs.correiobraziliense.com.br\/vicente\/wp-json\/wp\/v2\/types\/post"}],"author":[{"embeddable":true,"href":"https:\/\/blogs.correiobraziliense.com.br\/vicente\/wp-json\/wp\/v2\/users\/22"}],"replies":[{"embeddable":true,"href":"https:\/\/blogs.correiobraziliense.com.br\/vicente\/wp-json\/wp\/v2\/comments?post=7493"}],"version-history":[{"count":3,"href":"https:\/\/blogs.correiobraziliense.com.br\/vicente\/wp-json\/wp\/v2\/posts\/7493\/revisions"}],"predecessor-version":[{"id":7498,"href":"https:\/\/blogs.correiobraziliense.com.br\/vicente\/wp-json\/wp\/v2\/posts\/7493\/revisions\/7498"}],"wp:attachment":[{"href":"https:\/\/blogs.correiobraziliense.com.br\/vicente\/wp-json\/wp\/v2\/media?parent=7493"}],"wp:term":[{"taxonomy":"category","embeddable":true,"href":"https:\/\/blogs.correiobraziliense.com.br\/vicente\/wp-json\/wp\/v2\/categories?post=7493"},{"taxonomy":"post_tag","embeddable":true,"href":"https:\/\/blogs.correiobraziliense.com.br\/vicente\/wp-json\/wp\/v2\/tags?post=7493"}],"curies":[{"name":"wp","href":"https:\/\/api.w.org\/{rel}","templated":true}]}}