{"id":7490,"date":"2018-03-23T06:35:58","date_gmt":"2018-03-23T09:35:58","guid":{"rendered":"https:\/\/blogs.correiobraziliense.com.br\/vicente\/?p=7490"},"modified":"2018-03-23T11:39:24","modified_gmt":"2018-03-23T14:39:24","slug":"correio-economico-servidores-cobram-transparencia-do-bc","status":"publish","type":"post","link":"https:\/\/blogs.correiobraziliense.com.br\/vicente\/correio-economico-servidores-cobram-transparencia-do-bc\/","title":{"rendered":"Correio Econ\u00f4mico: Servidores cobram transpar\u00eancia do BC"},"content":{"rendered":"<h2>ANTONIO TEM\u00d3TEO<\/h2>\n<h2><\/h2>\n<h2>Os servidores do Banco Central (BC) prometem uma manifesta\u00e7\u00e3o na pr\u00f3xima quinta-feira, data de publica\u00e7\u00e3o do Relat\u00f3rio Trimestral de Infla\u00e7\u00e3o (RTI). Eles pretendem ir de preto e fazer um ato simb\u00f3lico pela falta de di\u00e1logo com a diretoria da autoridade monet\u00e1ria. A insatisfa\u00e7\u00e3o dos trabalhadores se d\u00e1, principalmente, porque as propostas para reestrutura\u00e7\u00e3o da carreira n\u00e3o foram debatidas e uma parte das mudan\u00e7as discutidas no governo n\u00e3o foi repassada formalmente \u00e0 categoria.<\/h2>\n<p>&nbsp;<\/p>\n<p>A principal cobran\u00e7a dos servidores de n\u00edvel superior est\u00e1 ligada \u00e0 mudan\u00e7a da nomenclatura da carreira. Eles deixaram claro que a medida n\u00e3o est\u00e1 relacionada a aumento de sal\u00e1rio. Eles pleiteiam que a carreira de analista seja alterada para de auditor. Conforme eles, o trabalho de supervis\u00e3o, fiscaliza\u00e7\u00e3o, auditoria e monitoramento do sistema financeiro \u00e9 prejudicado nesse processo. Alguns relatam que em diversos trabalhos realizados em institui\u00e7\u00f5es financeiras, os empregados de bancos e corretoras solicitam falar com os auditores.<\/p>\n<p>&nbsp;<br \/>\nOutro obst\u00e1culo para a realiza\u00e7\u00e3o dos trabalhos \u00e9 a falta de uma identidade funcional semelhante \u00e0 de auditores da Receita Federal. Tanto a Receita Federal quanto o BC possuem autonomia para realizar fiscaliza\u00e7\u00f5es sem aviso-pr\u00e9vio. Com a identidade funcional, esse processo ganharia agilidade na hora de os servidores se identificarem. No caso da autoridade monet\u00e1ria, os servidores possuem apenas os crach\u00e1s.<\/p>\n<p>&nbsp;<br \/>\nEm reuni\u00e3o realizada ontem no t\u00e9rreo do edif\u00edcio-sede, muitos tamb\u00e9m se queixaram que a autonomia operacional em lei, sem garantia de autonomia financeira, n\u00e3o garante qualquer estabilidade. Alguns alertaram que a medida pode enfraquecer o trabalho realizado e dar brecha para que ocorra aparelhamento pol\u00edtico, semelhante ao existente em ag\u00eancias reguladoras. \u201cPrecisamos cobrar a Agenda BC+ Clareza\u201d, disse um dos servidores que participou do ato, que n\u00e3o contou com o suporte do sindicato da categoria.<\/p>\n<p>&nbsp;<\/p>\n<p><strong><br \/>\nValoriza\u00e7\u00e3o<\/strong><\/p>\n<p>Al\u00e9m disso, o grupo quer manter o BC blindado de indica\u00e7\u00f5es pol\u00edticas e garantir que as fun\u00e7\u00f5es de chefia de departamento, por exemplo, sejam exclusivas de servidores de carreira, assim como \u00e9 hoje. Alguns explicaram que decis\u00f5es recentes do governo, como a de abrir a possibilidade de desligamento volunt\u00e1rio foi proibida apenas para as carreiras de auditoria. Os analistas da autarquia podem solicitar o benef\u00edcio.<\/p>\n<p>&nbsp;<br \/>\nEm meio ao embate, fica claro a necessidade de o governo abrir um di\u00e1logo permanente com os servidores respons\u00e1veis por fiscalizar um dos sistemas financeiros mais concentrados do mundo. O enfraquecimento da categoria pode trazer preju\u00edzos para a sociedade e a falta de valoriza\u00e7\u00e3o tem levado a um \u00eaxodo de trabalhadores para cargos no Legislativo ou em outros \u00f3rg\u00e3os do Executivo.<\/p>\n<p>&nbsp;<\/p>\n<p><em>Bras\u00edlia, 06h35min<\/em><\/p>\n","protected":false},"excerpt":{"rendered":"<p>ANTONIO TEM\u00d3TEO Os servidores do Banco Central (BC) prometem uma manifesta\u00e7\u00e3o na pr\u00f3xima quinta-feira, data de publica\u00e7\u00e3o do Relat\u00f3rio Trimestral de Infla\u00e7\u00e3o (RTI). Eles pretendem ir de preto e fazer um ato simb\u00f3lico pela falta de di\u00e1logo com a diretoria da autoridade monet\u00e1ria. A insatisfa\u00e7\u00e3o dos trabalhadores se d\u00e1, principalmente, porque as propostas para reestrutura\u00e7\u00e3o [&hellip;]<\/p>\n","protected":false},"author":22,"featured_media":0,"comment_status":"open","ping_status":"closed","sticky":false,"template":"","format":"standard","meta":{"footnotes":""},"categories":[600],"tags":[],"class_list":["post-7490","post","type-post","status-publish","format-standard","hentry","category-economia"],"_links":{"self":[{"href":"https:\/\/blogs.correiobraziliense.com.br\/vicente\/wp-json\/wp\/v2\/posts\/7490","targetHints":{"allow":["GET"]}}],"collection":[{"href":"https:\/\/blogs.correiobraziliense.com.br\/vicente\/wp-json\/wp\/v2\/posts"}],"about":[{"href":"https:\/\/blogs.correiobraziliense.com.br\/vicente\/wp-json\/wp\/v2\/types\/post"}],"author":[{"embeddable":true,"href":"https:\/\/blogs.correiobraziliense.com.br\/vicente\/wp-json\/wp\/v2\/users\/22"}],"replies":[{"embeddable":true,"href":"https:\/\/blogs.correiobraziliense.com.br\/vicente\/wp-json\/wp\/v2\/comments?post=7490"}],"version-history":[{"count":1,"href":"https:\/\/blogs.correiobraziliense.com.br\/vicente\/wp-json\/wp\/v2\/posts\/7490\/revisions"}],"predecessor-version":[{"id":7491,"href":"https:\/\/blogs.correiobraziliense.com.br\/vicente\/wp-json\/wp\/v2\/posts\/7490\/revisions\/7491"}],"wp:attachment":[{"href":"https:\/\/blogs.correiobraziliense.com.br\/vicente\/wp-json\/wp\/v2\/media?parent=7490"}],"wp:term":[{"taxonomy":"category","embeddable":true,"href":"https:\/\/blogs.correiobraziliense.com.br\/vicente\/wp-json\/wp\/v2\/categories?post=7490"},{"taxonomy":"post_tag","embeddable":true,"href":"https:\/\/blogs.correiobraziliense.com.br\/vicente\/wp-json\/wp\/v2\/tags?post=7490"}],"curies":[{"name":"wp","href":"https:\/\/api.w.org\/{rel}","templated":true}]}}