{"id":7469,"date":"2018-03-21T21:29:54","date_gmt":"2018-03-22T00:29:54","guid":{"rendered":"https:\/\/blogs.correiobraziliense.com.br\/vicente\/?p=7469"},"modified":"2018-03-21T21:29:54","modified_gmt":"2018-03-22T00:29:54","slug":"contran-suspende-por-60-dias-resolucao-que-cria-placa-do-mercosul","status":"publish","type":"post","link":"https:\/\/blogs.correiobraziliense.com.br\/vicente\/contran-suspende-por-60-dias-resolucao-que-cria-placa-do-mercosul\/","title":{"rendered":"Contran suspende por 60 dias resolu\u00e7\u00e3o que cria a placa do Mercosul"},"content":{"rendered":"<p>POR ANTONIO TEM\u00d3TEO<\/p>\n<p>&nbsp;<\/p>\n<p>Ap\u00f3s a press\u00e3o de fabricantes e estampadores, o presidente do Conselho Nacional de Tr\u00e2nsito (Contran), Maur\u00edcio Jos\u00e9 Alves Pereira, suspendeu por 60 dias a resolu\u00e7\u00e3o n\u00ba 729, que criava a placa do Mercosul no Brasil. Esse prazo pode ser prorrogado por mais 60 dias para que um grupo de trabalho criado sobre o tema conclua os trabalhos.<\/p>\n<p>&nbsp;<\/p>\n<p>Assim como o <strong>Blog<\/strong>\u00a0antecipou, a\u00a0resolu\u00e7\u00e3o determinava que todos os ve\u00edculos registrados no Brasil teriamo de trocar suas placas para seguir o padr\u00e3o Mercosul at\u00e9 31 de dezembro de 2023. Os brasileiros poderiam gastar at\u00e9 R$ 18 bilh\u00f5es com a troca de placas. A reuni\u00e3o do Contran que aprovou a norma foi marcada por pol\u00eamicas.<\/p>\n<p>&nbsp;<\/p>\n<p>O conselheiro Francisco de Assis Peres Soares, representante do Minist\u00e9rio do Meio Ambiente, pediu vistas do processo e teve a solicita\u00e7\u00e3o negada pelo presidente do colegiado, que tamb\u00e9m chefia o Departamento Nacional de Tr\u00e2nsito (Denatran). Al\u00e9m disso, a resolu\u00e7\u00e3o contraria recomenda\u00e7\u00e3o de que n\u00e3o conste identifica\u00e7\u00e3o de estado e munic\u00edpio na placa do Mercosul.<\/p>\n<p>&nbsp;<\/p>\n<p>Diante dos problemas, o deputado federal\u00a0Expedito Netto (PSD-RO) apresentou na C\u00e2mara dos Deputados\u00a0o projeto de decreto legislativo (PDC) n\u00ba 899 de 2018, que \u00a0tem como objetivo sustar a resolu\u00e7\u00e3o que cria a placa Mercosul.<\/p>\n<p>&nbsp;<\/p>\n<p>Leia abaixo not\u00edcias sobre o tema:<\/p>\n<p><a href=\"https:\/\/blogs.correiobraziliense.com.br\/vicente\/motoristas-gastarao-r-18-bilhoes-com-novas-placas-de-carros\/\">Motoristas gastar\u00e3o R$ 18 bilh\u00f5es com novas placas de carros<\/a><\/p>\n<p><a href=\"https:\/\/blogs.correiobraziliense.com.br\/vicente\/projeto-de-decreto-legislativo-quer-acabar-com-placa-do-mercosul\/\">Projeto de decreto legislativo quer acabar com placa do Mercosul<\/a><\/p>\n","protected":false},"excerpt":{"rendered":"<p>POR ANTONIO TEM\u00d3TEO &nbsp; Ap\u00f3s a press\u00e3o de fabricantes e estampadores, o presidente do Conselho Nacional de Tr\u00e2nsito (Contran), Maur\u00edcio Jos\u00e9 Alves Pereira, suspendeu por 60 dias a resolu\u00e7\u00e3o n\u00ba 729, que criava a placa do Mercosul no Brasil. Esse prazo pode ser prorrogado por mais 60 dias para que um grupo de trabalho criado [&hellip;]<\/p>\n","protected":false},"author":22,"featured_media":0,"comment_status":"open","ping_status":"closed","sticky":false,"template":"","format":"standard","meta":{"footnotes":""},"categories":[600],"tags":[2981,2980,3227,3162,3241],"class_list":["post-7469","post","type-post","status-publish","format-standard","hentry","category-economia","tag-contran","tag-denatran","tag-placa-mercosul","tag-resolucao","tag-supensao"],"_links":{"self":[{"href":"https:\/\/blogs.correiobraziliense.com.br\/vicente\/wp-json\/wp\/v2\/posts\/7469","targetHints":{"allow":["GET"]}}],"collection":[{"href":"https:\/\/blogs.correiobraziliense.com.br\/vicente\/wp-json\/wp\/v2\/posts"}],"about":[{"href":"https:\/\/blogs.correiobraziliense.com.br\/vicente\/wp-json\/wp\/v2\/types\/post"}],"author":[{"embeddable":true,"href":"https:\/\/blogs.correiobraziliense.com.br\/vicente\/wp-json\/wp\/v2\/users\/22"}],"replies":[{"embeddable":true,"href":"https:\/\/blogs.correiobraziliense.com.br\/vicente\/wp-json\/wp\/v2\/comments?post=7469"}],"version-history":[{"count":1,"href":"https:\/\/blogs.correiobraziliense.com.br\/vicente\/wp-json\/wp\/v2\/posts\/7469\/revisions"}],"predecessor-version":[{"id":7470,"href":"https:\/\/blogs.correiobraziliense.com.br\/vicente\/wp-json\/wp\/v2\/posts\/7469\/revisions\/7470"}],"wp:attachment":[{"href":"https:\/\/blogs.correiobraziliense.com.br\/vicente\/wp-json\/wp\/v2\/media?parent=7469"}],"wp:term":[{"taxonomy":"category","embeddable":true,"href":"https:\/\/blogs.correiobraziliense.com.br\/vicente\/wp-json\/wp\/v2\/categories?post=7469"},{"taxonomy":"post_tag","embeddable":true,"href":"https:\/\/blogs.correiobraziliense.com.br\/vicente\/wp-json\/wp\/v2\/tags?post=7469"}],"curies":[{"name":"wp","href":"https:\/\/api.w.org\/{rel}","templated":true}]}}