{"id":7467,"date":"2018-03-21T18:01:38","date_gmt":"2018-03-21T21:01:38","guid":{"rendered":"https:\/\/blogs.correiobraziliense.com.br\/vicente\/?p=7467"},"modified":"2018-03-21T18:01:38","modified_gmt":"2018-03-21T21:01:38","slug":"bc-corta-selic-em-025-ponto-percentual-para-65-ao-ano","status":"publish","type":"post","link":"https:\/\/blogs.correiobraziliense.com.br\/vicente\/bc-corta-selic-em-025-ponto-percentual-para-65-ao-ano\/","title":{"rendered":"BC corta a Selic em 0,25 ponto percentual, para 6,5% ao ano"},"content":{"rendered":"<p>POR ANTONIO TEM\u00d3TEO<\/p>\n<p>&nbsp;<\/p>\n<p>Em decis\u00e3o un\u00e2nime, o Comit\u00ea de Pol\u00edtica Monet\u00e1ria (Copom) reduziu a taxa b\u00e1sica de juros (Selic) em 0,25 ponto percentual, para 6,5% ao ano. Esse \u00e9 o menor patamar da hist\u00f3ria. O corte era esperado pelo mercado, que passa a apostar na possiblidade de novas baixas na Selic.<\/p>\n<p>&nbsp;<\/p>\n<p>A equipe de Ilan Goldfajn levou em conta as surpresas inflacion\u00e1rias de janeiro e fevereiro para tomar a decis\u00e3o. Al\u00e9m disso, a lenta recupera\u00e7\u00e3o\u00a0da atividade econ\u00f4mica favorece o processo de corte de juros, j\u00e1 que n\u00e3o h\u00e1 risco de press\u00f5es inflacion\u00e1rias.<\/p>\n<p>&nbsp;<\/p>\n<p>Desde de o \u00faltimo encontro do Copom, ficou claro que o IPCA deve permanecer mais pr\u00f3ximo dos 3% do que dos 4,2% estimado pelos diretores a autoridade monet\u00e1ria. As proje\u00e7\u00f5es apresentadas pelo BC no \u00faltimo Relat\u00f3rio Trimestral de Infla\u00e7\u00e3o (RTI) apontavam que O IPCA de janeiro teria alta de 0,53% e a de fevereiro de 0,47%.<\/p>\n<p>&nbsp;<\/p>\n<p>Entretanto, o resultado apurado pelo Instituto Brasileiro de Geografia e Estat\u00edstica (IBGE) mostrou varia\u00e7\u00e3o positiva de 0,29% no primeiro m\u00eas do ano e de 0,32% no segundo m\u00eas de 2018. Para mar\u00e7o, a mediana das expectativas apresentada pelo boletim Focus aponta alta de 0,21%. H\u00e1 quatro semanas, os analistas apostavam em varia\u00e7\u00e3o de 0,30%.<\/p>\n","protected":false},"excerpt":{"rendered":"<p>POR ANTONIO TEM\u00d3TEO &nbsp; Em decis\u00e3o un\u00e2nime, o Comit\u00ea de Pol\u00edtica Monet\u00e1ria (Copom) reduziu a taxa b\u00e1sica de juros (Selic) em 0,25 ponto percentual, para 6,5% ao ano. Esse \u00e9 o menor patamar da hist\u00f3ria. O corte era esperado pelo mercado, que passa a apostar na possiblidade de novas baixas na Selic. &nbsp; A equipe [&hellip;]<\/p>\n","protected":false},"author":22,"featured_media":0,"comment_status":"open","ping_status":"closed","sticky":false,"template":"","format":"standard","meta":{"footnotes":""},"categories":[600],"tags":[3,1348,99,1158,4,719,34,1319],"class_list":["post-7467","post","type-post","status-publish","format-standard","hentry","category-economia","tag-banco-central","tag-comite-de-politica-monetaria","tag-copom","tag-corte","tag-juros","tag-reducao","tag-selic","tag-taxa-basica-de-juros"],"_links":{"self":[{"href":"https:\/\/blogs.correiobraziliense.com.br\/vicente\/wp-json\/wp\/v2\/posts\/7467","targetHints":{"allow":["GET"]}}],"collection":[{"href":"https:\/\/blogs.correiobraziliense.com.br\/vicente\/wp-json\/wp\/v2\/posts"}],"about":[{"href":"https:\/\/blogs.correiobraziliense.com.br\/vicente\/wp-json\/wp\/v2\/types\/post"}],"author":[{"embeddable":true,"href":"https:\/\/blogs.correiobraziliense.com.br\/vicente\/wp-json\/wp\/v2\/users\/22"}],"replies":[{"embeddable":true,"href":"https:\/\/blogs.correiobraziliense.com.br\/vicente\/wp-json\/wp\/v2\/comments?post=7467"}],"version-history":[{"count":1,"href":"https:\/\/blogs.correiobraziliense.com.br\/vicente\/wp-json\/wp\/v2\/posts\/7467\/revisions"}],"predecessor-version":[{"id":7468,"href":"https:\/\/blogs.correiobraziliense.com.br\/vicente\/wp-json\/wp\/v2\/posts\/7467\/revisions\/7468"}],"wp:attachment":[{"href":"https:\/\/blogs.correiobraziliense.com.br\/vicente\/wp-json\/wp\/v2\/media?parent=7467"}],"wp:term":[{"taxonomy":"category","embeddable":true,"href":"https:\/\/blogs.correiobraziliense.com.br\/vicente\/wp-json\/wp\/v2\/categories?post=7467"},{"taxonomy":"post_tag","embeddable":true,"href":"https:\/\/blogs.correiobraziliense.com.br\/vicente\/wp-json\/wp\/v2\/tags?post=7467"}],"curies":[{"name":"wp","href":"https:\/\/api.w.org\/{rel}","templated":true}]}}