{"id":7461,"date":"2018-03-21T15:58:24","date_gmt":"2018-03-21T18:58:24","guid":{"rendered":"https:\/\/blogs.correiobraziliense.com.br\/vicente\/?p=7461"},"modified":"2018-03-21T16:54:25","modified_gmt":"2018-03-21T19:54:25","slug":"odebrecht-derruba-o-presidente-do-peru-aqui-lula-foge-da-prisao","status":"publish","type":"post","link":"https:\/\/blogs.correiobraziliense.com.br\/vicente\/odebrecht-derruba-o-presidente-do-peru-aqui-lula-foge-da-prisao\/","title":{"rendered":"Odebrecht derruba o presidente do Peru. Aqui, Lula foge da pris\u00e3o"},"content":{"rendered":"<h2>As propinas pagas pela construtora Odebrecht derrubaram o presidente do Peru, Pedro Pablo Kuczynski, 79 anos. Jornais locais dizem que ele apresentou sua ren\u00fancia ao Congresso nesta quarta-feira, 21. Ele \u00e9 acusado de receber recursos ilegais da empreiteira brasileira que, no Brasil, \u00a0liderou o maior esquema de corrup\u00e7\u00e3o da hist\u00f3ria, ao saquear a Petrobras.<\/h2>\n<p>&nbsp;<\/p>\n<p>A ren\u00fancia de PPK, como ele \u00e9 conhecido no Peru, ocorre \u00e0s v\u00e9spera de uma vota\u00e7\u00e3o de impeachment, diante de alega\u00e7\u00f5es de compra de votos que abalaram o governo de centro-direita. PPK est\u00e1 no cargo h\u00e1\u00a0um ano e sete meses. O an\u00fancio oficial \u00e0 na\u00e7\u00e3o deve ocorrer ainda na tarde desta quarta-feira.<\/p>\n<p>&nbsp;<\/p>\n<p>No Brasil, o ex-presidente Lula, tamb\u00e9m abatido pelas den\u00fancias de corrup\u00e7\u00e3o da Odebrecht, tenta fugir da pris\u00e3o. Na quinta-feira, 22, O Supremo Tribunal Federal (STF) julgar\u00e1 o pedido de habeas corpus do petista, depois de muita press\u00e3o sobre a presidente da Corte, C\u00e1rmen L\u00facia.<\/p>\n<p>&nbsp;<\/p>\n<p>No Peru. tamb\u00e9m na quinta-feira, o Congresso votar\u00e1 o pedido de ren\u00fancia de PPK. Deve assumir o posto mais alto do pa\u00eds o\u00a0primeiro vice-presidente, Martin Vizcarra. H\u00e1 dois vice-presidentes no pa\u00eds.<\/p>\n<p>&nbsp;<\/p>\n<p>A crise enfrentada por PPK come\u00e7ou com a opera\u00e7\u00e3o Lava-Jato, que detonou investiga\u00e7\u00f5es em diversos pa\u00edses da Am\u00e9rica Latina e da \u00c1frica envolvendo a Odebrecht. A empreiteira assumiu que subornou governos locais para garantir contratos de obras p\u00fablicas.<\/p>\n<p>&nbsp;<\/p>\n<p>Em dezembro de 2017, PPK j\u00e1 poderia ter ca\u00eddo, mas conseguiu se manter no cargo gra\u00e7as ao apoio do Congresso, que n\u00e3o deu os votos suficientes para o impeachment dele. PPK acreditava que havia se livrado de novas acusa\u00e7\u00f5es. Mas as den\u00fancias de que teria comprado apoio de deputados, sobretudo de integrantes do partido dominado pela fam\u00edlia Fujimori, acabaram detonando uma nova crise.<\/p>\n<p>&nbsp;<\/p>\n<p>No Peru, outro ex-presidente, Ollanta Humala, foi preso, acusado de receber recursos ilegais da Odebrecht. A empresa apresentou uma s\u00e9rie de provas com os repasses ao peruano<\/p>\n<p>&nbsp;<\/p>\n<p><em>Bras\u00edlia, 15h58min<\/em><\/p>\n","protected":false},"excerpt":{"rendered":"<p>As propinas pagas pela construtora Odebrecht derrubaram o presidente do Peru, Pedro Pablo Kuczynski, 79 anos. Jornais locais dizem que ele apresentou sua ren\u00fancia ao Congresso nesta quarta-feira, 21. Ele \u00e9 acusado de receber recursos ilegais da empreiteira brasileira que, no Brasil, \u00a0liderou o maior esquema de corrup\u00e7\u00e3o da hist\u00f3ria, ao saquear a Petrobras. &nbsp; [&hellip;]<\/p>\n","protected":false},"author":22,"featured_media":0,"comment_status":"open","ping_status":"closed","sticky":false,"template":"","format":"standard","meta":{"footnotes":""},"categories":[600],"tags":[],"class_list":["post-7461","post","type-post","status-publish","format-standard","hentry","category-economia"],"_links":{"self":[{"href":"https:\/\/blogs.correiobraziliense.com.br\/vicente\/wp-json\/wp\/v2\/posts\/7461","targetHints":{"allow":["GET"]}}],"collection":[{"href":"https:\/\/blogs.correiobraziliense.com.br\/vicente\/wp-json\/wp\/v2\/posts"}],"about":[{"href":"https:\/\/blogs.correiobraziliense.com.br\/vicente\/wp-json\/wp\/v2\/types\/post"}],"author":[{"embeddable":true,"href":"https:\/\/blogs.correiobraziliense.com.br\/vicente\/wp-json\/wp\/v2\/users\/22"}],"replies":[{"embeddable":true,"href":"https:\/\/blogs.correiobraziliense.com.br\/vicente\/wp-json\/wp\/v2\/comments?post=7461"}],"version-history":[{"count":5,"href":"https:\/\/blogs.correiobraziliense.com.br\/vicente\/wp-json\/wp\/v2\/posts\/7461\/revisions"}],"predecessor-version":[{"id":7466,"href":"https:\/\/blogs.correiobraziliense.com.br\/vicente\/wp-json\/wp\/v2\/posts\/7461\/revisions\/7466"}],"wp:attachment":[{"href":"https:\/\/blogs.correiobraziliense.com.br\/vicente\/wp-json\/wp\/v2\/media?parent=7461"}],"wp:term":[{"taxonomy":"category","embeddable":true,"href":"https:\/\/blogs.correiobraziliense.com.br\/vicente\/wp-json\/wp\/v2\/categories?post=7461"},{"taxonomy":"post_tag","embeddable":true,"href":"https:\/\/blogs.correiobraziliense.com.br\/vicente\/wp-json\/wp\/v2\/tags?post=7461"}],"curies":[{"name":"wp","href":"https:\/\/api.w.org\/{rel}","templated":true}]}}