{"id":7450,"date":"2018-03-20T18:49:49","date_gmt":"2018-03-20T21:49:49","guid":{"rendered":"https:\/\/blogs.correiobraziliense.com.br\/vicente\/?p=7450"},"modified":"2018-03-20T18:53:10","modified_gmt":"2018-03-20T21:53:10","slug":"devolucao-do-ir-sera-de-r-244-bilhoes-em-2018-diz-receita","status":"publish","type":"post","link":"https:\/\/blogs.correiobraziliense.com.br\/vicente\/devolucao-do-ir-sera-de-r-244-bilhoes-em-2018-diz-receita\/","title":{"rendered":"Devolu\u00e7\u00e3o do IR ser\u00e1 de R$ 24,4 bilh\u00f5es em 2018, diz Receita"},"content":{"rendered":"<h2>LET\u00cdCIA COTTA E HAMILTON FERRARI<\/h2>\n<h2><\/h2>\n<h2>A devolu\u00e7\u00e3o do Imposto sobre a Renda da Pessoa F\u00edsica (IRPF) desde ano ser\u00e1 de R$ 24,4 bilh\u00f5es, o que representa uma alta de 8,7% em rela\u00e7\u00e3o ao ano passado, quando somou R$ 22,44 bilh\u00f5es. As informa\u00e7\u00f5es s\u00e3o da Receita Federal, que o <strong>Blog<\/strong> teve acesso.<\/h2>\n<p>&nbsp;<\/p>\n<p>O primeiro lote dos pagamentos ser\u00e1 no dia 16 de junho e se estende at\u00e9 dia 15 de dezembro, em sete lotes. As restitui\u00e7\u00f5es ser\u00e3o efetuadas de acordo com a ordem de declara\u00e7\u00e3o do imposto. Contribuintes com idade igual ou superior a 60 anos ter\u00e3o prioridade, assim como portadores de necessidades especiais.<\/p>\n<p>&nbsp;<\/p>\n<p>Ser\u00e1 a maior restitui\u00e7\u00e3o da hist\u00f3ria, segundo a Receita Federal. Ao t\u00e9rmino de 2018, o volume de pagamentos aumentar\u00e1 133% desde 2010. Segundo economistas, os recursos podem impulsionar a melhora da economia, j\u00e1 que as pessoas devem usar a restitui\u00e7\u00e3o para o consumo, diferentemente do que ocorreu nos anos anteriores, em que os consumidores estavam com mais d\u00edvidas.<\/p>\n<p>&nbsp;<\/p>\n<p>Contribuintes ter\u00e3o que declarar o Imposto de Renda at\u00e9 30 de abril. O prazo come\u00e7ou no dia 1\u00ba de mar\u00e7o. A Receita Federal espera receber 28,8 milh\u00f5es de declara\u00e7\u00f5es em 2018 (340 mil a mais do que em 2017).<\/p>\n<p>&nbsp;<\/p>\n<p><em>Bras\u00edlia, 18h50min<\/em><\/p>\n","protected":false},"excerpt":{"rendered":"<p>LET\u00cdCIA COTTA E HAMILTON FERRARI A devolu\u00e7\u00e3o do Imposto sobre a Renda da Pessoa F\u00edsica (IRPF) desde ano ser\u00e1 de R$ 24,4 bilh\u00f5es, o que representa uma alta de 8,7% em rela\u00e7\u00e3o ao ano passado, quando somou R$ 22,44 bilh\u00f5es. As informa\u00e7\u00f5es s\u00e3o da Receita Federal, que o Blog teve acesso. &nbsp; O primeiro lote [&hellip;]<\/p>\n","protected":false},"author":22,"featured_media":0,"comment_status":"open","ping_status":"closed","sticky":false,"template":"","format":"standard","meta":{"footnotes":""},"categories":[600],"tags":[3240,797,808,1163,3239,8],"class_list":["post-7450","post","type-post","status-publish","format-standard","hentry","category-economia","tag-4-bilhoes","tag-devolucao","tag-imposto-de-renda","tag-ir","tag-r-24","tag-receita-federal"],"_links":{"self":[{"href":"https:\/\/blogs.correiobraziliense.com.br\/vicente\/wp-json\/wp\/v2\/posts\/7450","targetHints":{"allow":["GET"]}}],"collection":[{"href":"https:\/\/blogs.correiobraziliense.com.br\/vicente\/wp-json\/wp\/v2\/posts"}],"about":[{"href":"https:\/\/blogs.correiobraziliense.com.br\/vicente\/wp-json\/wp\/v2\/types\/post"}],"author":[{"embeddable":true,"href":"https:\/\/blogs.correiobraziliense.com.br\/vicente\/wp-json\/wp\/v2\/users\/22"}],"replies":[{"embeddable":true,"href":"https:\/\/blogs.correiobraziliense.com.br\/vicente\/wp-json\/wp\/v2\/comments?post=7450"}],"version-history":[{"count":3,"href":"https:\/\/blogs.correiobraziliense.com.br\/vicente\/wp-json\/wp\/v2\/posts\/7450\/revisions"}],"predecessor-version":[{"id":7453,"href":"https:\/\/blogs.correiobraziliense.com.br\/vicente\/wp-json\/wp\/v2\/posts\/7450\/revisions\/7453"}],"wp:attachment":[{"href":"https:\/\/blogs.correiobraziliense.com.br\/vicente\/wp-json\/wp\/v2\/media?parent=7450"}],"wp:term":[{"taxonomy":"category","embeddable":true,"href":"https:\/\/blogs.correiobraziliense.com.br\/vicente\/wp-json\/wp\/v2\/categories?post=7450"},{"taxonomy":"post_tag","embeddable":true,"href":"https:\/\/blogs.correiobraziliense.com.br\/vicente\/wp-json\/wp\/v2\/tags?post=7450"}],"curies":[{"name":"wp","href":"https:\/\/api.w.org\/{rel}","templated":true}]}}