{"id":7445,"date":"2018-03-20T15:50:59","date_gmt":"2018-03-20T18:50:59","guid":{"rendered":"https:\/\/blogs.correiobraziliense.com.br\/vicente\/?p=7445"},"modified":"2018-03-20T16:07:35","modified_gmt":"2018-03-20T19:07:35","slug":"governo-federal-deve-repassar-r-5-bilhoes-para-rj-e-seguranca-publica","status":"publish","type":"post","link":"https:\/\/blogs.correiobraziliense.com.br\/vicente\/governo-federal-deve-repassar-r-5-bilhoes-para-rj-e-seguranca-publica\/","title":{"rendered":"Governo federal deve repassar R$ 5 bilh\u00f5es para RJ e Seguran\u00e7a P\u00fablica"},"content":{"rendered":"<h2>HAMILTON FERRARI<\/h2>\n<h2><\/h2>\n<h2>O governo federal deve repassar R$ 5 bilh\u00f5es para o Rio de Janeiro e para o Minist\u00e9rio da Seguran\u00e7a P\u00fablica, sendo que R$ 1 bilh\u00e3o seria destinado para a interven\u00e7\u00e3o militar no estado e R$ 4 bilh\u00f5es para a nova pasta.<\/h2>\n<p>&nbsp;<\/p>\n<p>Os recursos que ir\u00e3o para o estado carioca ser\u00e3o de cr\u00e9dito extraordin\u00e1rio, que ser\u00e3o liberados quando o Executivo\u00a0publicar a Medida Provis\u00f3ria (MP) para a emiss\u00e3o de d\u00edvida. O Congresso Nacional ter\u00e1 que aprovar a mat\u00e9ria em 120 dias.<\/p>\n<p>&nbsp;<\/p>\n<p>J\u00e1 a autoriza\u00e7\u00e3o do montante que vai para o Minist\u00e9rio da Seguran\u00e7a P\u00fablica ser\u00e1 solicitado via Projeto de Lei Complementar. O texto tratar\u00e1 do remanejamento de outras pastas de governo e de verbas do Fundo Penitenci\u00e1rio Nacional (Funpen). Por enquanto, o governo ainda n\u00e3o sabe quais ser\u00e3o as pastas afetadas com os cortes de recursos.<\/p>\n<p>&nbsp;<\/p>\n<p>As duas pautas devem ser finalizadas at\u00e9 o final da semana. Para compensar as perdas, o Pal\u00e1cio do Planalto tenta aprovar na C\u00e2mara o projeto que reonera a folha de pagamento de alguns setores da economia.<\/p>\n<p>&nbsp;<\/p>\n<p>A equipe econ\u00f4mica encontra diverg\u00eancias com o relator da proposta, deputado Orlando Silva (PCdoB-SP), que quer manter o benef\u00edcio fiscal para cerca de 20 setores, enquanto o Minist\u00e9rio da Fazenda e o Minist\u00e9rio do Planejamento defendem at\u00e9 seis. O Executivo esperava arrecadar at\u00e9 R$ 8,8 bilh\u00f5es com o texto enviado, mas, com as mudan\u00e7as, a expectativa caiu em quase R$ 6 bilh\u00f5es.<\/p>\n<p>&nbsp;<\/p>\n<p><em>Bras\u00edlia, 15h47min<\/em><\/p>\n","protected":false},"excerpt":{"rendered":"<p>HAMILTON FERRARI O governo federal deve repassar R$ 5 bilh\u00f5es para o Rio de Janeiro e para o Minist\u00e9rio da Seguran\u00e7a P\u00fablica, sendo que R$ 1 bilh\u00e3o seria destinado para a interven\u00e7\u00e3o militar no estado e R$ 4 bilh\u00f5es para a nova pasta. &nbsp; Os recursos que ir\u00e3o para o estado carioca ser\u00e3o de cr\u00e9dito [&hellip;]<\/p>\n","protected":false},"author":22,"featured_media":0,"comment_status":"open","ping_status":"closed","sticky":false,"template":"","format":"standard","meta":{"footnotes":""},"categories":[600],"tags":[710,3236,3235,955,3238,1172,3237],"class_list":["post-7445","post","type-post","status-publish","format-standard","hentry","category-economia","tag-intervencao","tag-ministerio-da-seguranca-publica","tag-r-5-bi","tag-r-5-bilhoes","tag-recursos","tag-rio-de-janeiro","tag-seguranca-publica"],"_links":{"self":[{"href":"https:\/\/blogs.correiobraziliense.com.br\/vicente\/wp-json\/wp\/v2\/posts\/7445","targetHints":{"allow":["GET"]}}],"collection":[{"href":"https:\/\/blogs.correiobraziliense.com.br\/vicente\/wp-json\/wp\/v2\/posts"}],"about":[{"href":"https:\/\/blogs.correiobraziliense.com.br\/vicente\/wp-json\/wp\/v2\/types\/post"}],"author":[{"embeddable":true,"href":"https:\/\/blogs.correiobraziliense.com.br\/vicente\/wp-json\/wp\/v2\/users\/22"}],"replies":[{"embeddable":true,"href":"https:\/\/blogs.correiobraziliense.com.br\/vicente\/wp-json\/wp\/v2\/comments?post=7445"}],"version-history":[{"count":3,"href":"https:\/\/blogs.correiobraziliense.com.br\/vicente\/wp-json\/wp\/v2\/posts\/7445\/revisions"}],"predecessor-version":[{"id":7448,"href":"https:\/\/blogs.correiobraziliense.com.br\/vicente\/wp-json\/wp\/v2\/posts\/7445\/revisions\/7448"}],"wp:attachment":[{"href":"https:\/\/blogs.correiobraziliense.com.br\/vicente\/wp-json\/wp\/v2\/media?parent=7445"}],"wp:term":[{"taxonomy":"category","embeddable":true,"href":"https:\/\/blogs.correiobraziliense.com.br\/vicente\/wp-json\/wp\/v2\/categories?post=7445"},{"taxonomy":"post_tag","embeddable":true,"href":"https:\/\/blogs.correiobraziliense.com.br\/vicente\/wp-json\/wp\/v2\/tags?post=7445"}],"curies":[{"name":"wp","href":"https:\/\/api.w.org\/{rel}","templated":true}]}}