{"id":7436,"date":"2018-03-20T06:38:36","date_gmt":"2018-03-20T09:38:36","guid":{"rendered":"https:\/\/blogs.correiobraziliense.com.br\/vicente\/?p=7436"},"modified":"2018-03-20T08:45:51","modified_gmt":"2018-03-20T11:45:51","slug":"correio-economico-otimismo-do-mercado-ganha-ares-de-cautela","status":"publish","type":"post","link":"https:\/\/blogs.correiobraziliense.com.br\/vicente\/correio-economico-otimismo-do-mercado-ganha-ares-de-cautela\/","title":{"rendered":"Correio Econ\u00f4mico: Otimismo do mercado ganha ares de cautela"},"content":{"rendered":"<h2>Os bons ventos que vinham soprando do exterior come\u00e7am a se dissipar. J\u00e1 n\u00e3o h\u00e1 mais tanta certeza entre os investidores sobre um per\u00edodo de calmaria no mundo que pudesse ajudar o pa\u00eds a fazer uma travessia tranquila at\u00e9 as elei\u00e7\u00f5es presidenciais de outubro. O Federal Reserve (Fed), Banco Central dos Estados Unidos, vai aumentar as taxas de juros. E, com a infla\u00e7\u00e3o se assanhando, \u00e9 poss\u00edvel que o aperto monet\u00e1rio na maior economia do planeta seja bem maior do que o esperado. Os mercados emergentes sentir\u00e3o o baque. A Bolsa da Valores brasileira registrou ontem o quinto preg\u00e3o seguido de queda.<\/h2>\n<p>&nbsp;<\/p>\n<p>N\u00e3o por acaso, Ilan Goldfajn, presidente do BC brasileiro, vem alertando sobre os riscos de eventos externos. H\u00e1 um excesso de confian\u00e7a nos agentes financeiros. \u00c9 verdade que, no Brasil, a infla\u00e7\u00e3o est\u00e1 muito abaixo das estimativas, o que permitir\u00e1 ao Comit\u00ea de Pol\u00edtica Monet\u00e1ria (Copom) cortar, nesta quarta-feira, a taxa b\u00e1sica de juros (Selic) de 6,75% para 6,50%. Contudo, se realmente o Fed, que tamb\u00e9m se reunir\u00e1 amanh\u00e3, pisar no acelerador, boa parte dos investimentos estrangeiros que est\u00e3o no Brasil migrar\u00e1 para os EUA e as cota\u00e7\u00f5es do d\u00f3lar tender\u00e3o a subir, pressionando o custo de vida.<\/p>\n<p>&nbsp;<\/p>\n<p>Economista-chefe do Banco do Estado do Esp\u00edrito Santo (Banestes), Eduardo Velho ressalta que, no radar dos investidores, o BC dos Estados Unidos dar\u00e1 tr\u00eas aumentos nos juros. Isso j\u00e1 est\u00e1 precificado pelo mercado. Como, por\u00e9m, a infla\u00e7\u00e3o est\u00e1 subindo mais forte, girando entre 1,7% e 1,9% ao ano, dependendo do \u00edndice, bem pr\u00f3ximo dos 2% toler\u00e1veis, n\u00e3o ser\u00e1 surpresa se outros aumentos nos juros forem anunciados. \u201cO governo de Donald Trump est\u00e1 promovendo uma grande expans\u00e3o fiscal. \u00c9 mais infla\u00e7\u00e3o. Portanto, o Fed pode ser mais rigoroso do que o mercado est\u00e1 apostando\u201d, explica.<\/p>\n<p>&nbsp;<\/p>\n<p>Os juros mais altos nos Estados Unidos n\u00e3o afetam apenas o d\u00f3lar. Impactam tamb\u00e9m os pre\u00e7os das commodities. Como grande exportador desses produtos com cota\u00e7\u00e3o internacional, o Brasil sofre. Antevendo isso, alguns investidores derrubaram os pre\u00e7os das a\u00e7\u00f5es da Vale. Os pap\u00e9is ordin\u00e1rios (ON) da mineradora perderam 2,84% do valor somente ontem. Em mar\u00e7o, a desvaloriza\u00e7\u00e3o chega a 7,84%. \u201cTudo indica que veremos um mercado mais vol\u00e1til daqui por diante, com as oscila\u00e7\u00f5es se acentuando \u00e0 medida que as elei\u00e7\u00f5es forem se aproximando\u201d, ressalta Velho.<\/p>\n<p>&nbsp;<\/p>\n<p><b>De olho em Lula<\/b><\/p>\n<p>&nbsp;<\/p>\n<p>Dentro do governo, o discurso \u00e9 bem mais otimista. \u201cEstamos com uma economia em franco processo de recupera\u00e7\u00e3o, combinando infla\u00e7\u00e3o e juros em baixa\u201d, diz um integrante do grupo palaciano mais pr\u00f3ximo do presidente Michel Temer. Para ele, nem mesmo a queda em janeiro de 0,56% do \u00cdndice do Banco Central (IBC-Br), pr\u00e9via do Produto Interno Bruto (PIB), tirou o \u00e2nimo do governo. \u201cTemos dados consistentes de que o n\u00edvel de atividade est\u00e1 em ascens\u00e3o. Os pr\u00f3ximos meses v\u00e3o mostrar que estamos certos\u201d, acrescenta.<\/p>\n<p>&nbsp;<\/p>\n<p>A aposta do governo \u00e9 de que a economia mais forte viabilize um dos candidatos de centro-direita nas elei\u00e7\u00f5es. Hoje, h\u00e1 v\u00e1rios postulantes ao Planalto com caracter\u00edsticas mais moderadas e com vis\u00e3o mais reformista. Mas nenhum deles vitaminado o suficiente para se colocar no segundo turno. Aliados de Temer dizem que h\u00e1 muita chance de um candidato de esquerda ir para a disputa final. Pode ser Ciro Gomes, do PDT. Mas, para isso, ser\u00e1 preciso que ele tenha o apoio de Lula e do PT, o que n\u00e3o est\u00e1 certo. Os petistas est\u00e3o divididos em rela\u00e7\u00e3o a esse apoio. Uma ala teme ver a bancada no Congresso minguar se o partido n\u00e3o lan\u00e7ar um cabe\u00e7a de chapa na corrida para o Planalto.<\/p>\n<p>&nbsp;<\/p>\n<p>H\u00e1 outra vari\u00e1vel no radar do governo e do mercado. Uma coisa \u00e9 Lula preso; outra, o petista fazendo campanha para um candidato Brasil afora. Por isso, \u00e9 grande a torcida para que o Tribunal Regional Federal da 4\u00aa Regi\u00e3o (TRF-4) decida logo por levar o petista para atr\u00e1s das grades, mantendo-o na cadeia pelo menos at\u00e9 o fim das elei\u00e7\u00f5es. \u201cCom certeza, o risco Lula j\u00e1 foi maior. Ele est\u00e1 fora da disputa, mas, se n\u00e3o for preso, provocar\u00e1 muito tumulto no pleito\u201d, destaca o assessor palaciano.<\/p>\n<p>&nbsp;<\/p>\n<p>Na vis\u00e3o dele, mais do que nunca, a presidente do Supremo Tribunal Federal (STF), C\u00e1rmen L\u00facia, precisa ser firme e n\u00e3o ceder \u00e0s press\u00f5es para colocar em pauta a vota\u00e7\u00e3o sobre a possibilidade de pris\u00e3o depois de o r\u00e9u ser condenado em segunda inst\u00e2ncia. Se ela ceder e o STF mudar o entendimento sobre o tema, o aumento dos juros nos Estados Unidos n\u00e3o ser\u00e1 nada perto do que poder\u00e1 ocorrer nos mercados.<\/p>\n<p>&nbsp;<\/p>\n<p><i>Bras\u00edlia, 06h38min<\/i><\/p>\n","protected":false},"excerpt":{"rendered":"<p>Os bons ventos que vinham soprando do exterior come\u00e7am a se dissipar. J\u00e1 n\u00e3o h\u00e1 mais tanta certeza entre os investidores sobre um per\u00edodo de calmaria no mundo que pudesse ajudar o pa\u00eds a fazer uma travessia tranquila at\u00e9 as elei\u00e7\u00f5es presidenciais de outubro. O Federal Reserve (Fed), Banco Central dos Estados Unidos, vai aumentar [&hellip;]<\/p>\n","protected":false},"author":22,"featured_media":0,"comment_status":"open","ping_status":"closed","sticky":false,"template":"","format":"standard","meta":{"footnotes":""},"categories":[600],"tags":[850,665,363,4,23,351],"class_list":["post-7436","post","type-post","status-publish","format-standard","hentry","category-economia","tag-alta","tag-eleicoes","tag-estados-unidos","tag-juros","tag-lula","tag-prisao"],"_links":{"self":[{"href":"https:\/\/blogs.correiobraziliense.com.br\/vicente\/wp-json\/wp\/v2\/posts\/7436","targetHints":{"allow":["GET"]}}],"collection":[{"href":"https:\/\/blogs.correiobraziliense.com.br\/vicente\/wp-json\/wp\/v2\/posts"}],"about":[{"href":"https:\/\/blogs.correiobraziliense.com.br\/vicente\/wp-json\/wp\/v2\/types\/post"}],"author":[{"embeddable":true,"href":"https:\/\/blogs.correiobraziliense.com.br\/vicente\/wp-json\/wp\/v2\/users\/22"}],"replies":[{"embeddable":true,"href":"https:\/\/blogs.correiobraziliense.com.br\/vicente\/wp-json\/wp\/v2\/comments?post=7436"}],"version-history":[{"count":1,"href":"https:\/\/blogs.correiobraziliense.com.br\/vicente\/wp-json\/wp\/v2\/posts\/7436\/revisions"}],"predecessor-version":[{"id":7437,"href":"https:\/\/blogs.correiobraziliense.com.br\/vicente\/wp-json\/wp\/v2\/posts\/7436\/revisions\/7437"}],"wp:attachment":[{"href":"https:\/\/blogs.correiobraziliense.com.br\/vicente\/wp-json\/wp\/v2\/media?parent=7436"}],"wp:term":[{"taxonomy":"category","embeddable":true,"href":"https:\/\/blogs.correiobraziliense.com.br\/vicente\/wp-json\/wp\/v2\/categories?post=7436"},{"taxonomy":"post_tag","embeddable":true,"href":"https:\/\/blogs.correiobraziliense.com.br\/vicente\/wp-json\/wp\/v2\/tags?post=7436"}],"curies":[{"name":"wp","href":"https:\/\/api.w.org\/{rel}","templated":true}]}}