{"id":7432,"date":"2018-03-16T06:16:35","date_gmt":"2018-03-16T09:16:35","guid":{"rendered":"https:\/\/blogs.correiobraziliense.com.br\/vicente\/?p=7432"},"modified":"2018-03-16T08:25:39","modified_gmt":"2018-03-16T11:25:39","slug":"coluna-no-correio-resposta-ao-assassinato-de-marielle-deve-ser-contundente","status":"publish","type":"post","link":"https:\/\/blogs.correiobraziliense.com.br\/vicente\/coluna-no-correio-resposta-ao-assassinato-de-marielle-deve-ser-contundente\/","title":{"rendered":"Coluna no Correio: Resposta ao assassinato de Marielle deve ser contundente"},"content":{"rendered":"<h2>A resposta tem que ser urgente. A execu\u00e7\u00e3o da vereadora Marielle Franco (PSol) e do motorista dela, Anderson Gomes, num Rio de Janeiro conflagrado, n\u00e3o pode ficar nas estat\u00edsticas dos crimes n\u00e3o esclarecidos. N\u00e3o podemos nos conformar com a desculpa de que foram apenas mais dois assassinatos num pa\u00eds tomado pela viol\u00eancia. Foi a passividade diante de toda as aberra\u00e7\u00f5es a que assistimos no dia a dia que nos levou a esse estado de descontrole, em que vidas n\u00e3o valem nada.<\/h2>\n<p>&nbsp;<\/p>\n<p>H\u00e1 anos temos assistido \u00e0 deteriora\u00e7\u00e3o do sistema de seguran\u00e7a do pa\u00eds, totalmente dominado pela corrup\u00e7\u00e3o. Nossos olhos est\u00e3o voltados agora para o Rio, diante do choque provocado pelo assassinato de Marielle e de Anderson, mas a viol\u00eancia est\u00e1 disseminada. O Estado paralelo, mais bem organizado, conseguiu ocupar todos os espa\u00e7os e n\u00e3o se intimida em passar por cima de quem ofere\u00e7a a menor possibilidade de amea\u00e7a. Fomos lenientes, acreditando que, um dia, as coisas melhorariam.<\/p>\n<p>&nbsp;<\/p>\n<p>As mortes da vereadora e do motorista dela s\u00e3o uma afronta. Indicam que perdemos o direito de nos posicionar livremente, de expressarmos nossas indigna\u00e7\u00f5es, de gritar contra tudo o que est\u00e1 errado. Marielle havia levantado a voz para denunciar a trucul\u00eancia da pol\u00edcia carioca. Cobrava mais espa\u00e7o para as mulheres na pol\u00edtica e no mercado de trabalho. Pregava a igualdade racial. Exigia um Brasil livre de preconceitos. Ela simboliza um sopro de renova\u00e7\u00e3o na pol\u00edtica, em especial no Rio de Janeiro, em que os tr\u00eas \u00faltimos governadores foram presos por corrup\u00e7\u00e3o.<\/p>\n<p>&nbsp;<\/p>\n<p><b>Chega de impunidade<\/b><\/p>\n<p>&nbsp;<\/p>\n<p>Marielle era a cara do Brasil oprimido \u2014 do qual, se registre, ela conseguiu se desvencilhar. Mulher, gay, negra e favelada, libertou-se de um destino quase certo, o da pobreza, por meio da educa\u00e7\u00e3o. Mesmo depois de uma gravidez precoce, formou-se, com uma bolsa de estudo, em sociologia pela Pontif\u00edcia Universidade Cat\u00f3lica do Rio (PUC-RJ), territ\u00f3rio dominado pela burguesia. Foi al\u00e9m: tornou-se mestre pela Universidade Federal Fluminense (UFF). Logo no primeiro teste nas urnas, em 2016, elegeu-se vereadora com 46 mil votos, a quinta mais votada do Rio.<\/p>\n<p>&nbsp;<\/p>\n<p>Temos que fazer da indigna\u00e7\u00e3o geral com as execu\u00e7\u00f5es de Marielle e de Anderson uma bandeira para obrigar o governo a agir. Somente a interven\u00e7\u00e3o federal no Rio n\u00e3o ser\u00e1 suficiente para recuperar o direito \u00e0 vida. As declara\u00e7\u00f5es das autoridades diante do assassinato da vereadora e do motorista dela n\u00e3o foram suficientes para nos convencer da real disposi\u00e7\u00e3o em combater a viol\u00eancia extrema. Muito pelo contr\u00e1rio. Deixaram a sensa\u00e7\u00e3o de que todos quiseram tirar proveito pol\u00edtico da dor da perda de mais duas vidas.<\/p>\n<p>&nbsp;<\/p>\n<p>N\u00e3o se quer apenas que os assassinos de Marielle e de Anderson sejam encontrados. Exige-se que todos os crimes sejam esclarecidos. \u00c9 inacredit\u00e1vel que apenas um em cada 10 assassinatos no Rio seja esclarecido. Essa estat\u00edstica se repete em quase todo o Brasil. Pior: muitos dos crimes s\u00e3o cometidos por aqueles que deveriam nos proteger, os policiais. Nos casos da vereadora e do motorista dela, s\u00e3o fortes as suspeitas de que os executores sejam integrantes da pol\u00edcia, milicianos que se sentiram intimidados pelas den\u00fancias de Marielle e pela interven\u00e7\u00e3o militar.<\/p>\n<p>&nbsp;<\/p>\n<p>\u00c9 preciso ressaltar ainda que a morte da jovem e promissora Marielle, de 38 anos, foi um atentado \u00e0 democracia. Estamos falando de uma parlamentar assassinada em pleno exerc\u00edcio do mandato. Tomara que a voz da vereadora n\u00e3o se cale. Ela tem que se multiplicar por milh\u00f5es de vozes cobrando um pa\u00eds mais justo, no qual todos possam exercer o livre direito de ir e vir e de expressar suas ideias sem medo, com respeito.<\/p>\n<p>&nbsp;<\/p>\n<p>As manifesta\u00e7\u00f5es populares no pa\u00eds e em v\u00e1rias partes do mundo cobrando uma a\u00e7\u00e3o contundente das autoridades nos d\u00e3o um sopro de esperan\u00e7a. Temos que dar um basta \u00e0 criminalidade, ao PPC, ao Comando Vermelho, aos policiais e aos pol\u00edticos corruptos. Ningu\u00e9m tem o direito de nos silenciar. As mortes de Marielle e de Anderson exigem exatamente o contr\u00e1rio, que saiamos gritando em favor da vida e por Justi\u00e7a. Chega de impunidade.<\/p>\n<p>&nbsp;<\/p>\n<p><i>Bras\u00edlia, 06h16min<\/i><\/p>\n","protected":false},"excerpt":{"rendered":"<p>A resposta tem que ser urgente. A execu\u00e7\u00e3o da vereadora Marielle Franco (PSol) e do motorista dela, Anderson Gomes, num Rio de Janeiro conflagrado, n\u00e3o pode ficar nas estat\u00edsticas dos crimes n\u00e3o esclarecidos. N\u00e3o podemos nos conformar com a desculpa de que foram apenas mais dois assassinatos num pa\u00eds tomado pela viol\u00eancia. Foi a passividade [&hellip;]<\/p>\n","protected":false},"author":22,"featured_media":0,"comment_status":"open","ping_status":"closed","sticky":false,"template":"","format":"standard","meta":{"footnotes":""},"categories":[600],"tags":[3229,3228,323,273,3230],"class_list":["post-7432","post","type-post","status-publish","format-standard","hentry","category-economia","tag-assassinato","tag-marielle","tag-motorista","tag-rio","tag-vereadora"],"_links":{"self":[{"href":"https:\/\/blogs.correiobraziliense.com.br\/vicente\/wp-json\/wp\/v2\/posts\/7432","targetHints":{"allow":["GET"]}}],"collection":[{"href":"https:\/\/blogs.correiobraziliense.com.br\/vicente\/wp-json\/wp\/v2\/posts"}],"about":[{"href":"https:\/\/blogs.correiobraziliense.com.br\/vicente\/wp-json\/wp\/v2\/types\/post"}],"author":[{"embeddable":true,"href":"https:\/\/blogs.correiobraziliense.com.br\/vicente\/wp-json\/wp\/v2\/users\/22"}],"replies":[{"embeddable":true,"href":"https:\/\/blogs.correiobraziliense.com.br\/vicente\/wp-json\/wp\/v2\/comments?post=7432"}],"version-history":[{"count":1,"href":"https:\/\/blogs.correiobraziliense.com.br\/vicente\/wp-json\/wp\/v2\/posts\/7432\/revisions"}],"predecessor-version":[{"id":7433,"href":"https:\/\/blogs.correiobraziliense.com.br\/vicente\/wp-json\/wp\/v2\/posts\/7432\/revisions\/7433"}],"wp:attachment":[{"href":"https:\/\/blogs.correiobraziliense.com.br\/vicente\/wp-json\/wp\/v2\/media?parent=7432"}],"wp:term":[{"taxonomy":"category","embeddable":true,"href":"https:\/\/blogs.correiobraziliense.com.br\/vicente\/wp-json\/wp\/v2\/categories?post=7432"},{"taxonomy":"post_tag","embeddable":true,"href":"https:\/\/blogs.correiobraziliense.com.br\/vicente\/wp-json\/wp\/v2\/tags?post=7432"}],"curies":[{"name":"wp","href":"https:\/\/api.w.org\/{rel}","templated":true}]}}