{"id":7426,"date":"2018-03-15T14:51:31","date_gmt":"2018-03-15T17:51:31","guid":{"rendered":"https:\/\/blogs.correiobraziliense.com.br\/vicente\/?p=7426"},"modified":"2018-03-15T15:16:22","modified_gmt":"2018-03-15T18:16:22","slug":"preco-da-gasolina-cai-mais-um-pouco-e-anima-motoristas","status":"publish","type":"post","link":"https:\/\/blogs.correiobraziliense.com.br\/vicente\/preco-da-gasolina-cai-mais-um-pouco-e-anima-motoristas\/","title":{"rendered":"Pre\u00e7o da gasolina cai mais um pouco e anima motoristas"},"content":{"rendered":"<h2>HAMILTON FERRARI<\/h2>\n<h2><\/h2>\n<h2>Os consumidores tiveram uma boa not\u00edcia nesta quinta-feira, 15. Alguns postos do Distrito Federal reduziram os pre\u00e7os da gasolina. No Setor de Ind\u00fastrias Gr\u00e1ficas (SIG), o litro do combust\u00edvel ficou R$ 0,04 mais barato, caindo de R$ 4,229 para R$ 4,189. \u00c9 pouco, mas, segundo os especialistas, \u00e9 um avan\u00e7o.<\/h2>\n<p>&nbsp;<\/p>\n<p><a href=\"https:\/\/blogs.correiobraziliense.com.br\/vicente\/wp-content\/uploads\/sites\/16\/2018\/03\/GasolinaSIG.jpg\" rel=\"attachment wp-att-7427\"><img loading=\"lazy\" decoding=\"async\" class=\"alignnone size-large wp-image-7427\" src=\"https:\/\/blogs.correiobraziliense.com.br\/vicente\/wp-content\/uploads\/sites\/16\/2018\/03\/GasolinaSIG-1024x889.jpg\" alt=\"GasolinaSIG\" width=\"1024\" height=\"889\" srcset=\"https:\/\/blogs.correiobraziliense.com.br\/vicente\/wp-content\/uploads\/sites\/16\/2018\/03\/GasolinaSIG-1024x889.jpg 1024w, https:\/\/blogs.correiobraziliense.com.br\/vicente\/wp-content\/uploads\/sites\/16\/2018\/03\/GasolinaSIG-300x260.jpg 300w, https:\/\/blogs.correiobraziliense.com.br\/vicente\/wp-content\/uploads\/sites\/16\/2018\/03\/GasolinaSIG-768x667.jpg 768w, https:\/\/blogs.correiobraziliense.com.br\/vicente\/wp-content\/uploads\/sites\/16\/2018\/03\/GasolinaSIG-350x304.jpg 350w, https:\/\/blogs.correiobraziliense.com.br\/vicente\/wp-content\/uploads\/sites\/16\/2018\/03\/GasolinaSIG-550x477.jpg 550w, https:\/\/blogs.correiobraziliense.com.br\/vicente\/wp-content\/uploads\/sites\/16\/2018\/03\/GasolinaSIG-230x200.jpg 230w, https:\/\/blogs.correiobraziliense.com.br\/vicente\/wp-content\/uploads\/sites\/16\/2018\/03\/GasolinaSIG.jpg 1280w\" sizes=\"auto, (max-width: 1024px) 100vw, 1024px\" \/><\/a><\/p>\n<p>&nbsp;<\/p>\n<p>&#8220;Fiquei surpreso com a redu\u00e7\u00e3o do pre\u00e7o. Na minha cabe\u00e7a, a gasolina s\u00f3 ficaria mais cara&#8221;, diz Antonio Seixas, 37 anos, motoristas de um aplicativo de transporte individual. Ele conta que percebeu esse movimento de queda de pre\u00e7os em alguns pontos da cidade. &#8220;Em Taguatinga, por exemplo, vi postos vendendo gasolina por R$ 4,09. Uma semana antes, o valor nas bombas variara entre R$ 4,159 e R$ 4,199&#8221;, afirma.<\/p>\n<p>&nbsp;<\/p>\n<p>Seixas, no entanto, n\u00e3o acredita em quedas mais substanciais dos pre\u00e7os da gasolina. &#8220;Eu e meus colegas (do aplicativo) sempre conversamos sobre combust\u00edveis e n\u00e3o esperamos muito mais cortes nos pre\u00e7os. Se o litro ficar pr\u00f3ximo de R$ 4, ainda vale a pena fazer transporte individual. Nosso maior medo \u00e9 que a gasolina v\u00e1 para R$ 5. Se isso acontecer, muita gente ter\u00e1 que deixar os aplicativos de transporte&#8221;, acrescenta.<\/p>\n<p>&nbsp;<\/p>\n<p>Para os especialistas, a tend\u00eancia \u00e9 de o litro da gasolina n\u00e3o apresentar grandes varia\u00e7\u00f5es nas pr\u00f3ximas semanas, uma vez que n\u00e3o h\u00e1 forte valoriza\u00e7\u00e3o nas cota\u00e7\u00f5es do petr\u00f3leo no mercado internacional e o d\u00f3lar se mant\u00e9m abaixo de R$ 3,30. S\u00e3o esses dois fatores que mais pesam na hora de a Petrobras mexer nos pre\u00e7os dos combust\u00edveis, para cima ou para baixo.<\/p>\n<p>&nbsp;<\/p>\n<p>A expectativa do governo \u00e9 de que a Petrobras, que registrou preju\u00edzos de R$ 446 milh\u00f5es em 2017, n\u00e3o fa\u00e7a tantas mudan\u00e7as nos pre\u00e7os. Mas a estatal refor\u00e7a que, se precisar, mexer\u00e1 todos os dias no valor dos combust\u00edveis nas refinarias. Para a empresa, o grande problema hoje \u00e9 a elevada tributa\u00e7\u00e3o que incide sobre os derivados do petr\u00f3leo.<\/p>\n<p>&nbsp;<\/p>\n<p>De olho em uma candidatura ao Pal\u00e1cio do Planalto, o ministro da Fazenda, Henrique Meirelles, aventou a possibilidade de mexer nos impostos incidentes sobre combust\u00edveis, mas acabou recuando devido \u00e0 repercuss\u00e3o negativa. Ele disse que havia sido mal interpretado.<\/p>\n<p>&nbsp;<\/p>\n<p><em>Bras\u00edlia, 14h51min<\/em><\/p>\n","protected":false},"excerpt":{"rendered":"<p>HAMILTON FERRARI Os consumidores tiveram uma boa not\u00edcia nesta quinta-feira, 15. Alguns postos do Distrito Federal reduziram os pre\u00e7os da gasolina. No Setor de Ind\u00fastrias Gr\u00e1ficas (SIG), o litro do combust\u00edvel ficou R$ 0,04 mais barato, caindo de R$ 4,229 para R$ 4,189. \u00c9 pouco, mas, segundo os especialistas, \u00e9 um avan\u00e7o. &nbsp; &nbsp; &#8220;Fiquei [&hellip;]<\/p>\n","protected":false},"author":22,"featured_media":0,"comment_status":"open","ping_status":"closed","sticky":false,"template":"","format":"standard","meta":{"footnotes":""},"categories":[600],"tags":[268,228,390,279,2326,1471],"class_list":["post-7426","post","type-post","status-publish","format-standard","hentry","category-economia","tag-gasolina","tag-petrobras","tag-precos","tag-queda","tag-sig","tag-taguatinga"],"_links":{"self":[{"href":"https:\/\/blogs.correiobraziliense.com.br\/vicente\/wp-json\/wp\/v2\/posts\/7426","targetHints":{"allow":["GET"]}}],"collection":[{"href":"https:\/\/blogs.correiobraziliense.com.br\/vicente\/wp-json\/wp\/v2\/posts"}],"about":[{"href":"https:\/\/blogs.correiobraziliense.com.br\/vicente\/wp-json\/wp\/v2\/types\/post"}],"author":[{"embeddable":true,"href":"https:\/\/blogs.correiobraziliense.com.br\/vicente\/wp-json\/wp\/v2\/users\/22"}],"replies":[{"embeddable":true,"href":"https:\/\/blogs.correiobraziliense.com.br\/vicente\/wp-json\/wp\/v2\/comments?post=7426"}],"version-history":[{"count":1,"href":"https:\/\/blogs.correiobraziliense.com.br\/vicente\/wp-json\/wp\/v2\/posts\/7426\/revisions"}],"predecessor-version":[{"id":7428,"href":"https:\/\/blogs.correiobraziliense.com.br\/vicente\/wp-json\/wp\/v2\/posts\/7426\/revisions\/7428"}],"wp:attachment":[{"href":"https:\/\/blogs.correiobraziliense.com.br\/vicente\/wp-json\/wp\/v2\/media?parent=7426"}],"wp:term":[{"taxonomy":"category","embeddable":true,"href":"https:\/\/blogs.correiobraziliense.com.br\/vicente\/wp-json\/wp\/v2\/categories?post=7426"},{"taxonomy":"post_tag","embeddable":true,"href":"https:\/\/blogs.correiobraziliense.com.br\/vicente\/wp-json\/wp\/v2\/tags?post=7426"}],"curies":[{"name":"wp","href":"https:\/\/api.w.org\/{rel}","templated":true}]}}