{"id":7397,"date":"2018-03-13T14:25:33","date_gmt":"2018-03-13T17:25:33","guid":{"rendered":"https:\/\/blogs.correiobraziliense.com.br\/vicente\/?p=7397"},"modified":"2018-03-13T18:53:32","modified_gmt":"2018-03-13T21:53:32","slug":"cartao-crediario-sera-lancado-ate-o-fim-do-ano","status":"publish","type":"post","link":"https:\/\/blogs.correiobraziliense.com.br\/vicente\/cartao-crediario-sera-lancado-ate-o-fim-do-ano\/","title":{"rendered":"Cart\u00e3o &#8220;credi\u00e1rio&#8221; ser\u00e1 lan\u00e7ado at\u00e9 o fim do ano"},"content":{"rendered":"<p>POR ANTONIO TEM\u00d3TEO<\/p>\n<p>&nbsp;<\/p>\n<p>As institui\u00e7\u00f5es financeiras devem lan\u00e7ar at\u00e9 o fim do ano um piloto para o parcelamento com juros das compras em cart\u00e3o de cr\u00e9dito, uma esp\u00e9cie de credi\u00e1rio. O novo produto foi anunciado pelo Associa\u00e7\u00e3o Brasileira de Empresas de Cart\u00f5es de Cr\u00e9dito e Servi\u00e7os (Abecs), Fernando Chacon.<\/p>\n<p>&nbsp;<\/p>\n<p>Ele detalhou que a nova linha de financiamento n\u00e3o substituir\u00e1 o parcelo sem juros e ser\u00e1 mais uma op\u00e7\u00e3o para o consumidor. Chacon explicou que essa modalidade deve ser usada para compras com maior prazo. Atualmente, seis em cada 10 brasileiros fazem compras parceladas no cart\u00e3o.<\/p>\n<p>&nbsp;<\/p>\n<p>A tend\u00eancia \u00e9 que ap\u00f3s o piloto, o credi\u00e1rio esteja dispon\u00edvel para todos os clientes a partir de 2019. &#8220;Existe toda uma agenda de prepara\u00e7\u00e3o do parque instalado para conseguir o mesmo padr\u00e3o de experi\u00eancia em todos os adquirentes&#8221;, afirmou.<\/p>\n<p>&nbsp;<\/p>\n<p>Com as poss\u00edveis mudan\u00e7as, detalhou o presidente da Abecs, ser\u00e1 poss\u00edvel repassar aos lojistas, em prazos mais curtos, o dinheiro das opera\u00e7\u00f5es realizadas cart\u00e3o de cr\u00e9dito. Segundo Chacon, a agenda Banco Central com o setor de cart\u00f5es envolve tr\u00eas grandes pilares. S\u00e3o eles mais efici\u00eancia no sistema, redu\u00e7\u00e3o dos juros para os consumidores e queda nos custos para os lojista.<\/p>\n<p>&nbsp;<\/p>\n<p>O executivo explicou que at\u00e9 mar\u00e7o uma nova regula\u00e7\u00e3o sobre custos para o lojista para o recebimento de pagamentos em cart\u00e3o d\u00e9bito deve ser editada pelo BC. Dados da Abecs mostram que as taxas m\u00e9dias de desconto no cart\u00e3o de cr\u00e9dito chegam a 2,6% e no d\u00e9bito de 1,45%.<\/p>\n","protected":false},"excerpt":{"rendered":"<p>POR ANTONIO TEM\u00d3TEO &nbsp; As institui\u00e7\u00f5es financeiras devem lan\u00e7ar at\u00e9 o fim do ano um piloto para o parcelamento com juros das compras em cart\u00e3o de cr\u00e9dito, uma esp\u00e9cie de credi\u00e1rio. O novo produto foi anunciado pelo Associa\u00e7\u00e3o Brasileira de Empresas de Cart\u00f5es de Cr\u00e9dito e Servi\u00e7os (Abecs), Fernando Chacon. &nbsp; Ele detalhou que a [&hellip;]<\/p>\n","protected":false},"author":22,"featured_media":0,"comment_status":"open","ping_status":"closed","sticky":false,"template":"","format":"standard","meta":{"footnotes":""},"categories":[600],"tags":[2028,3,106,441,3205,3206,3207],"class_list":["post-7397","post","type-post","status-publish","format-standard","hentry","category-economia","tag-abecs","tag-banco-central","tag-bc","tag-cartao-de-credito","tag-crediario","tag-parcelado-com-juros","tag-parcelado-sem-juros"],"_links":{"self":[{"href":"https:\/\/blogs.correiobraziliense.com.br\/vicente\/wp-json\/wp\/v2\/posts\/7397","targetHints":{"allow":["GET"]}}],"collection":[{"href":"https:\/\/blogs.correiobraziliense.com.br\/vicente\/wp-json\/wp\/v2\/posts"}],"about":[{"href":"https:\/\/blogs.correiobraziliense.com.br\/vicente\/wp-json\/wp\/v2\/types\/post"}],"author":[{"embeddable":true,"href":"https:\/\/blogs.correiobraziliense.com.br\/vicente\/wp-json\/wp\/v2\/users\/22"}],"replies":[{"embeddable":true,"href":"https:\/\/blogs.correiobraziliense.com.br\/vicente\/wp-json\/wp\/v2\/comments?post=7397"}],"version-history":[{"count":3,"href":"https:\/\/blogs.correiobraziliense.com.br\/vicente\/wp-json\/wp\/v2\/posts\/7397\/revisions"}],"predecessor-version":[{"id":7400,"href":"https:\/\/blogs.correiobraziliense.com.br\/vicente\/wp-json\/wp\/v2\/posts\/7397\/revisions\/7400"}],"wp:attachment":[{"href":"https:\/\/blogs.correiobraziliense.com.br\/vicente\/wp-json\/wp\/v2\/media?parent=7397"}],"wp:term":[{"taxonomy":"category","embeddable":true,"href":"https:\/\/blogs.correiobraziliense.com.br\/vicente\/wp-json\/wp\/v2\/categories?post=7397"},{"taxonomy":"post_tag","embeddable":true,"href":"https:\/\/blogs.correiobraziliense.com.br\/vicente\/wp-json\/wp\/v2\/tags?post=7397"}],"curies":[{"name":"wp","href":"https:\/\/api.w.org\/{rel}","templated":true}]}}