{"id":7394,"date":"2018-03-13T14:44:18","date_gmt":"2018-03-13T17:44:18","guid":{"rendered":"https:\/\/blogs.correiobraziliense.com.br\/vicente\/?p=7394"},"modified":"2018-03-13T14:45:35","modified_gmt":"2018-03-13T17:45:35","slug":"bc-estuda-um-novo-formato-para-fatura-de-cartao-e-credito","status":"publish","type":"post","link":"https:\/\/blogs.correiobraziliense.com.br\/vicente\/bc-estuda-um-novo-formato-para-fatura-de-cartao-e-credito\/","title":{"rendered":"BC estuda um novo formato para a fatura de cart\u00e3o de cr\u00e9dito"},"content":{"rendered":"<p>POR ANTONIO TEM\u00d3TEO<\/p>\n<p>&nbsp;<\/p>\n<p>O\u00a0diretor de Relacionamento Institucional e Cidadania do Banco Central (BC), Isaac Sidney Ferreira, detalha que t\u00e9cnicos da autoridade monet\u00e1ria estudam uma maneira de simplificar a fatura de cart\u00e3o de cr\u00e9dito. &#8220;Precisamos de uma fatura mais simples, hoje ela possui muitos n\u00fameros&#8221;, detalhou durante o\u00a012\u00ba Congresso de Meios Eletr\u00f4nicos de Pagamento (CMEP).<\/p>\n<p>&nbsp;<\/p>\n<p>Ferreira explica que atualmente n\u00e3o existe um padr\u00e3o para as faturas e\u00a0o novo formato auxiliar\u00e1 o cidad\u00e3o a tomar melhores decis\u00f5es e entender a sua vida financeira. Ainda n\u00e3o est\u00e1 definido como esse processo ocorrer\u00e1 e se ser\u00e1 necess\u00e1rio a publica\u00e7\u00e3o de uma resolu\u00e7\u00e3o do BC para definir as regras para o tema.<\/p>\n<p>&nbsp;<\/p>\n<p>Questionado pelo <strong>Blog <\/strong>sobre ot ema, o\u00a0presidente da\u00a0Associa\u00e7\u00e3o Brasileira das Empresas de Cart\u00f5es de Cr\u00e9dito e Servi\u00e7os (Abecs),\u00a0Fernando Chacon, diz n\u00e3o acreditar em padroniza\u00e7\u00e3o da fatura. Conforme ele, existem conversas sobre o tema com diversos \u00f3rg\u00e3os de defesa do consumidor e com a pr\u00f3pria autoridade monet\u00e1ria sobre o tema.<\/p>\n<p>&nbsp;<\/p>\n<p>Entretanto, Chacon defende uma liberdade de atua\u00e7\u00e3o das empresas ao inv\u00e9s da defini\u00e7\u00e3o de um padr\u00e3o pelo regulador. Ele relembra que 80% das informa\u00e7\u00f5es existentes nas faturas est\u00e3o presentes no documento por for\u00e7a de leis federais e estaduais. &#8220;O campo livre chega a apenas 20%&#8221;, afirma.<\/p>\n<p>&nbsp;<\/p>\n<p>O presidente da Abecs ainda ressalta que a fatura do cart\u00e3o \u00e9 mais uma das jabuticabas brasileiras porque em outros pa\u00edses consta apenas o valor total e m\u00ednimo para pagamento. &#8220;Aqui as faturas possuem o valor do rotativo, do parcelamento anterior. A quantidade de informa\u00e7\u00e3o \u00e9 enorme. Da para simplificar por meio de conceitos de design de servi\u00e7os vamos tentar, de certa forma, criar uma padroniza\u00e7\u00e3o&#8221;, afirma.<\/p>\n<p>&nbsp;<\/p>\n<p>&nbsp;<\/p>\n","protected":false},"excerpt":{"rendered":"<p>POR ANTONIO TEM\u00d3TEO &nbsp; O\u00a0diretor de Relacionamento Institucional e Cidadania do Banco Central (BC), Isaac Sidney Ferreira, detalha que t\u00e9cnicos da autoridade monet\u00e1ria estudam uma maneira de simplificar a fatura de cart\u00e3o de cr\u00e9dito. &#8220;Precisamos de uma fatura mais simples, hoje ela possui muitos n\u00fameros&#8221;, detalhou durante o\u00a012\u00ba Congresso de Meios Eletr\u00f4nicos de Pagamento (CMEP). [&hellip;]<\/p>\n","protected":false},"author":22,"featured_media":0,"comment_status":"open","ping_status":"closed","sticky":false,"template":"","format":"standard","meta":{"footnotes":""},"categories":[600],"tags":[3202,2028,3201,3,106,441,2010,3203,3200,2896,3204],"class_list":["post-7394","post","type-post","status-publish","format-standard","hentry","category-economia","tag-12o-congresso-de-meios-eletronicos-de-pagamento","tag-abecs","tag-associacao-brasileira-das-empresas-de-cartoes-de-credito-e-servicos","tag-banco-central","tag-bc","tag-cartao-de-credito","tag-cmep","tag-diretor-de-relacionamento-institucional-e-cidadania-do-banco-central","tag-fatura-do-cartao-de-credito","tag-isaac-sidney-ferreira","tag-padrao"],"_links":{"self":[{"href":"https:\/\/blogs.correiobraziliense.com.br\/vicente\/wp-json\/wp\/v2\/posts\/7394","targetHints":{"allow":["GET"]}}],"collection":[{"href":"https:\/\/blogs.correiobraziliense.com.br\/vicente\/wp-json\/wp\/v2\/posts"}],"about":[{"href":"https:\/\/blogs.correiobraziliense.com.br\/vicente\/wp-json\/wp\/v2\/types\/post"}],"author":[{"embeddable":true,"href":"https:\/\/blogs.correiobraziliense.com.br\/vicente\/wp-json\/wp\/v2\/users\/22"}],"replies":[{"embeddable":true,"href":"https:\/\/blogs.correiobraziliense.com.br\/vicente\/wp-json\/wp\/v2\/comments?post=7394"}],"version-history":[{"count":2,"href":"https:\/\/blogs.correiobraziliense.com.br\/vicente\/wp-json\/wp\/v2\/posts\/7394\/revisions"}],"predecessor-version":[{"id":7396,"href":"https:\/\/blogs.correiobraziliense.com.br\/vicente\/wp-json\/wp\/v2\/posts\/7394\/revisions\/7396"}],"wp:attachment":[{"href":"https:\/\/blogs.correiobraziliense.com.br\/vicente\/wp-json\/wp\/v2\/media?parent=7394"}],"wp:term":[{"taxonomy":"category","embeddable":true,"href":"https:\/\/blogs.correiobraziliense.com.br\/vicente\/wp-json\/wp\/v2\/categories?post=7394"},{"taxonomy":"post_tag","embeddable":true,"href":"https:\/\/blogs.correiobraziliense.com.br\/vicente\/wp-json\/wp\/v2\/tags?post=7394"}],"curies":[{"name":"wp","href":"https:\/\/api.w.org\/{rel}","templated":true}]}}