{"id":7364,"date":"2018-03-07T07:11:05","date_gmt":"2018-03-07T10:11:05","guid":{"rendered":"https:\/\/blogs.correiobraziliense.com.br\/vicente\/?p=7364"},"modified":"2018-03-07T11:16:47","modified_gmt":"2018-03-07T14:16:47","slug":"inflacao-so-da-noticia-boa","status":"publish","type":"post","link":"https:\/\/blogs.correiobraziliense.com.br\/vicente\/inflacao-so-da-noticia-boa\/","title":{"rendered":"Infla\u00e7\u00e3o s\u00f3 d\u00e1 not\u00edcia boa"},"content":{"rendered":"<h2>Pelos c\u00e1lculos do economista-chefe do Banco Haitong, Jankiel Santos, a infla\u00e7\u00e3o de fevereiro teve varia\u00e7\u00e3o de 0,3%, o que manteve o \u00cdndice de Pre\u00e7os ao Consumidor Amplo (IPCA) no acumulado de 12 meses abaixo do piso da meta, de 3%, ou seja, em 2,8%. Ele explica que esse resultado seria compat\u00edvel com mais uma queda de juros de 0,25 ponto percentual na reuni\u00e3o deste m\u00eas do Comit\u00ea de Pol\u00edtica Monet\u00e1ria. Entretanto, ele segue cauteloso e sustenta a aposta de que o Banco Central manter\u00e1 a taxa inalterada em 6,75% ao ano.<\/h2>\n<p>&nbsp;<\/p>\n<p>Na opini\u00e3o de Jankiel, dado que os efeitos da queda de juros ainda n\u00e3o se materializaram na economia brasileira, a decis\u00e3o de ampliar o ciclo de cortes pode levar a uma antecipa\u00e7\u00e3o do processo de alta da Selic em 2019. Para ele, o ambiente atual, sem press\u00f5es internacionais, favorece as condi\u00e7\u00f5es para que a autoridade monet\u00e1ria n\u00e3o reveja sua pol\u00edtica por um tempo consider\u00e1vel, o que beneficiaria toda a economia.<\/p>\n<p>&nbsp;<\/p>\n<p><em>Bras\u00edlia, 07h11min<\/em><\/p>\n","protected":false},"excerpt":{"rendered":"<p>Pelos c\u00e1lculos do economista-chefe do Banco Haitong, Jankiel Santos, a infla\u00e7\u00e3o de fevereiro teve varia\u00e7\u00e3o de 0,3%, o que manteve o \u00cdndice de Pre\u00e7os ao Consumidor Amplo (IPCA) no acumulado de 12 meses abaixo do piso da meta, de 3%, ou seja, em 2,8%. Ele explica que esse resultado seria compat\u00edvel com mais uma queda [&hellip;]<\/p>\n","protected":false},"author":22,"featured_media":0,"comment_status":"open","ping_status":"closed","sticky":false,"template":"","format":"standard","meta":{"footnotes":""},"categories":[600],"tags":[],"class_list":["post-7364","post","type-post","status-publish","format-standard","hentry","category-economia"],"_links":{"self":[{"href":"https:\/\/blogs.correiobraziliense.com.br\/vicente\/wp-json\/wp\/v2\/posts\/7364","targetHints":{"allow":["GET"]}}],"collection":[{"href":"https:\/\/blogs.correiobraziliense.com.br\/vicente\/wp-json\/wp\/v2\/posts"}],"about":[{"href":"https:\/\/blogs.correiobraziliense.com.br\/vicente\/wp-json\/wp\/v2\/types\/post"}],"author":[{"embeddable":true,"href":"https:\/\/blogs.correiobraziliense.com.br\/vicente\/wp-json\/wp\/v2\/users\/22"}],"replies":[{"embeddable":true,"href":"https:\/\/blogs.correiobraziliense.com.br\/vicente\/wp-json\/wp\/v2\/comments?post=7364"}],"version-history":[{"count":1,"href":"https:\/\/blogs.correiobraziliense.com.br\/vicente\/wp-json\/wp\/v2\/posts\/7364\/revisions"}],"predecessor-version":[{"id":7365,"href":"https:\/\/blogs.correiobraziliense.com.br\/vicente\/wp-json\/wp\/v2\/posts\/7364\/revisions\/7365"}],"wp:attachment":[{"href":"https:\/\/blogs.correiobraziliense.com.br\/vicente\/wp-json\/wp\/v2\/media?parent=7364"}],"wp:term":[{"taxonomy":"category","embeddable":true,"href":"https:\/\/blogs.correiobraziliense.com.br\/vicente\/wp-json\/wp\/v2\/categories?post=7364"},{"taxonomy":"post_tag","embeddable":true,"href":"https:\/\/blogs.correiobraziliense.com.br\/vicente\/wp-json\/wp\/v2\/tags?post=7364"}],"curies":[{"name":"wp","href":"https:\/\/api.w.org\/{rel}","templated":true}]}}