{"id":7360,"date":"2018-03-06T22:24:03","date_gmt":"2018-03-07T01:24:03","guid":{"rendered":"https:\/\/blogs.correiobraziliense.com.br\/vicente\/?p=7360"},"modified":"2018-03-06T22:24:03","modified_gmt":"2018-03-07T01:24:03","slug":"banqueiros-sinalizam-presidente-do-bc-que-recuperacao-sera-lenta","status":"publish","type":"post","link":"https:\/\/blogs.correiobraziliense.com.br\/vicente\/banqueiros-sinalizam-presidente-do-bc-que-recuperacao-sera-lenta\/","title":{"rendered":"Banqueiros sinalizam que recupera\u00e7\u00e3o ser\u00e1 lenta"},"content":{"rendered":"<p>POR ANTONIO TEM\u00d3TEO<\/p>\n<p>&nbsp;<\/p>\n<p>Os presidentes das cinco maiores institui\u00e7\u00f5es financeiras do pa\u00eds se reuniram na tarde de hoje com o presidente do Banco Central (BC), Ilan Goldfajn, e tra\u00e7aram um quadro realista em rela\u00e7\u00e3o ao processo de recupera\u00e7\u00e3o da economia. Conforme eles, o Produto Interno Bruto (PIB) crescer\u00e1 lentamente, mas deve fechar o ano com expans\u00e3o de 3%.<\/p>\n<p>&nbsp;<\/p>\n<p>A reuni\u00e3o trimestral contou com a presen\u00e7a dos presidentes do Ita\u00fa Unibanco, Candido Bracher, do Santander, S\u00e9rgio Rial, do Banco do Brasil, Paulo Rog\u00e9rio Caffarelli, da Caixa Econ\u00f4mica Federal, Gilberto Occhi, do Bradesco, Luiz Carlos Trabuco, e do vice-presidente Bradesco, Octavio de Lazari. Al\u00e9m deles, o presidente da Federa\u00e7\u00e3o Brasileira de Bancos (Febraban), Murilo Portugal, participou dos debates.<\/p>\n<p>&nbsp;<\/p>\n<p>Os executivos esclareceram que a retomada ser\u00e1 gradual diante do n\u00edvel de incertezas em 2018, sobretudo sobre quem ser\u00e1 o pr\u00f3ximo presidente. Com isso, os bancos se manter\u00e3o em compasso se espera e a libera\u00e7\u00e3o de cr\u00e9dito continuar\u00e1 devagar. Apesar disso, os banqueiros destacaram n\u00e3o h\u00e1 no horizonte press\u00f5es inflacion\u00e1rias, o que favorecer\u00e1 o trabalho da equipe de Ilan.<\/p>\n","protected":false},"excerpt":{"rendered":"<p>POR ANTONIO TEM\u00d3TEO &nbsp; Os presidentes das cinco maiores institui\u00e7\u00f5es financeiras do pa\u00eds se reuniram na tarde de hoje com o presidente do Banco Central (BC), Ilan Goldfajn, e tra\u00e7aram um quadro realista em rela\u00e7\u00e3o ao processo de recupera\u00e7\u00e3o da economia. Conforme eles, o Produto Interno Bruto (PIB) crescer\u00e1 lentamente, mas deve fechar o ano [&hellip;]<\/p>\n","protected":false},"author":22,"featured_media":0,"comment_status":"open","ping_status":"closed","sticky":false,"template":"","format":"standard","meta":{"footnotes":""},"categories":[600],"tags":[229,106,491,115,3188,81,296,107,1212,1090,58,400,3189,3187],"class_list":["post-7360","post","type-post","status-publish","format-standard","hentry","category-economia","tag-banco-do-brasil","tag-bc","tag-bradesco","tag-caixa-economica-federal","tag-candido-bracher","tag-febraban","tag-gilberto-occhi","tag-ilan-goldfajn","tag-itau-unibanco","tag-paulo-rogerio-caffarelli","tag-pib","tag-santander","tag-sergio-rial","tag-trabuco"],"_links":{"self":[{"href":"https:\/\/blogs.correiobraziliense.com.br\/vicente\/wp-json\/wp\/v2\/posts\/7360","targetHints":{"allow":["GET"]}}],"collection":[{"href":"https:\/\/blogs.correiobraziliense.com.br\/vicente\/wp-json\/wp\/v2\/posts"}],"about":[{"href":"https:\/\/blogs.correiobraziliense.com.br\/vicente\/wp-json\/wp\/v2\/types\/post"}],"author":[{"embeddable":true,"href":"https:\/\/blogs.correiobraziliense.com.br\/vicente\/wp-json\/wp\/v2\/users\/22"}],"replies":[{"embeddable":true,"href":"https:\/\/blogs.correiobraziliense.com.br\/vicente\/wp-json\/wp\/v2\/comments?post=7360"}],"version-history":[{"count":1,"href":"https:\/\/blogs.correiobraziliense.com.br\/vicente\/wp-json\/wp\/v2\/posts\/7360\/revisions"}],"predecessor-version":[{"id":7361,"href":"https:\/\/blogs.correiobraziliense.com.br\/vicente\/wp-json\/wp\/v2\/posts\/7360\/revisions\/7361"}],"wp:attachment":[{"href":"https:\/\/blogs.correiobraziliense.com.br\/vicente\/wp-json\/wp\/v2\/media?parent=7360"}],"wp:term":[{"taxonomy":"category","embeddable":true,"href":"https:\/\/blogs.correiobraziliense.com.br\/vicente\/wp-json\/wp\/v2\/categories?post=7360"},{"taxonomy":"post_tag","embeddable":true,"href":"https:\/\/blogs.correiobraziliense.com.br\/vicente\/wp-json\/wp\/v2\/tags?post=7360"}],"curies":[{"name":"wp","href":"https:\/\/api.w.org\/{rel}","templated":true}]}}