{"id":7346,"date":"2018-03-05T12:30:32","date_gmt":"2018-03-05T15:30:32","guid":{"rendered":"https:\/\/blogs.correiobraziliense.com.br\/vicente\/?p=7346"},"modified":"2018-03-05T18:33:04","modified_gmt":"2018-03-05T21:33:04","slug":"servidor-banca-reajuste-da-parcela-de-plano-de-saude-que-cabe-uniao","status":"publish","type":"post","link":"https:\/\/blogs.correiobraziliense.com.br\/vicente\/servidor-banca-reajuste-da-parcela-de-plano-de-saude-que-cabe-uniao\/","title":{"rendered":"Servidor banca reajuste da parcela de plano de sa\u00fade que cabe \u00e0 Uni\u00e3o"},"content":{"rendered":"<p>Os servidores p\u00fablicos federais do Poder Executivo se surpreenderam com o peso do reajuste anual do plano de sa\u00fade no contracheque de fevereiro, pago neste m\u00eas.<\/p>\n<p>&nbsp;<\/p>\n<p>A Geap havia informado que o aumento do conv\u00eanio seria de 19,94% \u2014 bem superior \u00e0 infla\u00e7\u00e3o oficial do governo medida pelo IPCA, que ficou em 2,95% \u2014, mas, na verdade, o impacto no bolso dos servidores foi de 27,09%.<\/p>\n<p>&nbsp;<\/p>\n<p>Isso porque n\u00e3o houve reajuste na contribui\u00e7\u00e3o paga pelo governo federal. Assim, os servidores est\u00e3o pagando o reajuste sobre a sua parcela e tamb\u00e9m sobre a contribui\u00e7\u00e3o per capita do \u00f3rg\u00e3o ao qual est\u00e3o vinculados.<\/p>\n<p>&nbsp;<\/p>\n<p>Desde janeiro de 2016, o valor da participa\u00e7\u00e3o da Uni\u00e3o no custeio da assist\u00eancia \u00e0 sa\u00fade do funcionalismo n\u00e3o \u00e9 reajustado. As contribui\u00e7\u00f5es feitas pela Uni\u00e3o v\u00e3o de R$ 101,56 e R$ 205,63 por m\u00eas, variando de acordo com a faixa et\u00e1ria e a renda dos servidores e seus benefici\u00e1rios.<\/p>\n<p>&nbsp;<\/p>\n<p><em>Bras\u00edlia, 12h30min<\/em><\/p>\n","protected":false},"excerpt":{"rendered":"<p>Os servidores p\u00fablicos federais do Poder Executivo se surpreenderam com o peso do reajuste anual do plano de sa\u00fade no contracheque de fevereiro, pago neste m\u00eas. &nbsp; A Geap havia informado que o aumento do conv\u00eanio seria de 19,94% \u2014 bem superior \u00e0 infla\u00e7\u00e3o oficial do governo medida pelo IPCA, que ficou em 2,95% \u2014, [&hellip;]<\/p>\n","protected":false},"author":22,"featured_media":0,"comment_status":"open","ping_status":"closed","sticky":false,"template":"","format":"standard","meta":{"footnotes":""},"categories":[600],"tags":[262,467,3180,264,123],"class_list":["post-7346","post","type-post","status-publish","format-standard","hentry","category-economia","tag-geap","tag-governo","tag-plano-de-saude","tag-reajuste","tag-servidores"],"_links":{"self":[{"href":"https:\/\/blogs.correiobraziliense.com.br\/vicente\/wp-json\/wp\/v2\/posts\/7346","targetHints":{"allow":["GET"]}}],"collection":[{"href":"https:\/\/blogs.correiobraziliense.com.br\/vicente\/wp-json\/wp\/v2\/posts"}],"about":[{"href":"https:\/\/blogs.correiobraziliense.com.br\/vicente\/wp-json\/wp\/v2\/types\/post"}],"author":[{"embeddable":true,"href":"https:\/\/blogs.correiobraziliense.com.br\/vicente\/wp-json\/wp\/v2\/users\/22"}],"replies":[{"embeddable":true,"href":"https:\/\/blogs.correiobraziliense.com.br\/vicente\/wp-json\/wp\/v2\/comments?post=7346"}],"version-history":[{"count":1,"href":"https:\/\/blogs.correiobraziliense.com.br\/vicente\/wp-json\/wp\/v2\/posts\/7346\/revisions"}],"predecessor-version":[{"id":7347,"href":"https:\/\/blogs.correiobraziliense.com.br\/vicente\/wp-json\/wp\/v2\/posts\/7346\/revisions\/7347"}],"wp:attachment":[{"href":"https:\/\/blogs.correiobraziliense.com.br\/vicente\/wp-json\/wp\/v2\/media?parent=7346"}],"wp:term":[{"taxonomy":"category","embeddable":true,"href":"https:\/\/blogs.correiobraziliense.com.br\/vicente\/wp-json\/wp\/v2\/categories?post=7346"},{"taxonomy":"post_tag","embeddable":true,"href":"https:\/\/blogs.correiobraziliense.com.br\/vicente\/wp-json\/wp\/v2\/tags?post=7346"}],"curies":[{"name":"wp","href":"https:\/\/api.w.org\/{rel}","templated":true}]}}