{"id":7339,"date":"2018-03-02T18:02:05","date_gmt":"2018-03-02T21:02:05","guid":{"rendered":"https:\/\/blogs.correiobraziliense.com.br\/vicente\/?p=7339"},"modified":"2018-03-02T18:43:52","modified_gmt":"2018-03-02T21:43:52","slug":"ministro-do-planejamento-vai-em-busca-de-investidor-estrangeiro","status":"publish","type":"post","link":"https:\/\/blogs.correiobraziliense.com.br\/vicente\/ministro-do-planejamento-vai-em-busca-de-investidor-estrangeiro\/","title":{"rendered":"Ministro do Planejamento vai em busca de investidor estrangeiro"},"content":{"rendered":"<p>O ministro do Planejamento, Dyogo Oliveira, ter\u00e1 uma agenda pesada no exterior nos pr\u00f3ximos dias. A maratona, que inclui Estados Unidos e Canad\u00e1, \u00a0tem por objetivo mostrar a perspectiva para a infraestrutura no Brasil e os projetos priorit\u00e1rios, al\u00e9m de expor a melhoria no ambiente macroecon\u00f4mico do pa\u00eds.<\/p>\n<p>&nbsp;<\/p>\n<p>No domingo, 4, em Toronto, o ministro participa da inaugura\u00e7\u00e3o do estande do Brasil no PDAC (Prospectors and Developers Association of Canada), maior evento mundial de prospec\u00e7\u00e3o mineral. O encontro re\u00fane investidores, profissionais e representantes governamentais em um ambiente de neg\u00f3cios e debates sobre os mais variados assuntos relacionados \u00e0 explora\u00e7\u00e3o mineral e a dep\u00f3sitos minerais. Depois faz palestra para empres\u00e1rios e investidores em evento promovido pela C\u00e2mara de Com\u00e9rcio Brasil-Canad\u00e1.<\/p>\n<p>&nbsp;<\/p>\n<p>No dia seguinte, far\u00e1 mais duas apresenta\u00e7\u00f5es, uma durante visita a Bolsa de Valores de Toronto para executivos, outra, durante o semin\u00e1rio \u201cBrazilian Mining Day\u201d. Na ter\u00e7a-feira, 6, ter\u00e1 encontros com grandes fundos de pens\u00e3o e investimento como Brookfield e Ontario Teacher&#8217;s Pension Plan.<\/p>\n<p>&nbsp;<\/p>\n<p>Em Nova York, na quarta-feira, 7, o ministro conversar\u00e1 com participantes do mercado financeiro brasileiro: Fidelity Investments , Citibank e JP Morgan. Na quinta, o ministro participa do semin\u00e1rio promovido pela Apex\/BID sobre Oportunidades de Investimentos no Brasil para empres\u00e1rios americanos. Na sequ\u00eancia, se reunir\u00e1 com investidores da Vision Brasil , da Exxon e da Milbank.<\/p>\n<p>&nbsp;<\/p>\n<p><em>Bras\u00edlia, 17h49min<\/em><\/p>\n","protected":false},"excerpt":{"rendered":"<p>O ministro do Planejamento, Dyogo Oliveira, ter\u00e1 uma agenda pesada no exterior nos pr\u00f3ximos dias. A maratona, que inclui Estados Unidos e Canad\u00e1, \u00a0tem por objetivo mostrar a perspectiva para a infraestrutura no Brasil e os projetos priorit\u00e1rios, al\u00e9m de expor a melhoria no ambiente macroecon\u00f4mico do pa\u00eds. &nbsp; No domingo, 4, em Toronto, o [&hellip;]<\/p>\n","protected":false},"author":22,"featured_media":0,"comment_status":"open","ping_status":"closed","sticky":false,"template":"","format":"standard","meta":{"footnotes":""},"categories":[600],"tags":[84,704,199,2125],"class_list":["post-7339","post","type-post","status-publish","format-standard","hentry","category-economia","tag-dyogo-oliveira","tag-infraestrutura","tag-investidores","tag-ministro-do-planejamento"],"_links":{"self":[{"href":"https:\/\/blogs.correiobraziliense.com.br\/vicente\/wp-json\/wp\/v2\/posts\/7339","targetHints":{"allow":["GET"]}}],"collection":[{"href":"https:\/\/blogs.correiobraziliense.com.br\/vicente\/wp-json\/wp\/v2\/posts"}],"about":[{"href":"https:\/\/blogs.correiobraziliense.com.br\/vicente\/wp-json\/wp\/v2\/types\/post"}],"author":[{"embeddable":true,"href":"https:\/\/blogs.correiobraziliense.com.br\/vicente\/wp-json\/wp\/v2\/users\/22"}],"replies":[{"embeddable":true,"href":"https:\/\/blogs.correiobraziliense.com.br\/vicente\/wp-json\/wp\/v2\/comments?post=7339"}],"version-history":[{"count":2,"href":"https:\/\/blogs.correiobraziliense.com.br\/vicente\/wp-json\/wp\/v2\/posts\/7339\/revisions"}],"predecessor-version":[{"id":7341,"href":"https:\/\/blogs.correiobraziliense.com.br\/vicente\/wp-json\/wp\/v2\/posts\/7339\/revisions\/7341"}],"wp:attachment":[{"href":"https:\/\/blogs.correiobraziliense.com.br\/vicente\/wp-json\/wp\/v2\/media?parent=7339"}],"wp:term":[{"taxonomy":"category","embeddable":true,"href":"https:\/\/blogs.correiobraziliense.com.br\/vicente\/wp-json\/wp\/v2\/categories?post=7339"},{"taxonomy":"post_tag","embeddable":true,"href":"https:\/\/blogs.correiobraziliense.com.br\/vicente\/wp-json\/wp\/v2\/tags?post=7339"}],"curies":[{"name":"wp","href":"https:\/\/api.w.org\/{rel}","templated":true}]}}