{"id":7337,"date":"2018-03-02T17:27:23","date_gmt":"2018-03-02T20:27:23","guid":{"rendered":"https:\/\/blogs.correiobraziliense.com.br\/vicente\/?p=7337"},"modified":"2018-03-02T17:47:31","modified_gmt":"2018-03-02T20:47:31","slug":"governo-retoma-compra-direta-de-passagens-aereas","status":"publish","type":"post","link":"https:\/\/blogs.correiobraziliense.com.br\/vicente\/governo-retoma-compra-direta-de-passagens-aereas\/","title":{"rendered":"Governo retoma a compra direta de passagens a\u00e9reas"},"content":{"rendered":"<h2>O governo publicou nesta sexta-feira, 2, a Medida Provis\u00f3ria n\u00ba 822\/2018, que restabelece as condi\u00e7\u00f5es legais para a compra direta de passagens a\u00e9reas para servidores em deslocamentos a servi\u00e7o. Com a MP, o pagamento dos tributos federais relativos \u00e0 venda de bilhetes continua regularmente, mas volta a ser feito pelas pr\u00f3prias companhias a\u00e9reas, como em qualquer compra realizada pelo cidad\u00e3o comum.<\/h2>\n<p>&nbsp;<\/p>\n<p>Por meio da compra direta, a pesquisa de pre\u00e7os \u00e9 feita pelos \u00f3rg\u00e3os do Executivo Federal, que selecionam o bilhete com o melhor pre\u00e7o e aplicam os percentuais de desconto estabelecidos em negocia\u00e7\u00e3o com as empresas a\u00e9reas credenciadas. \u201cAl\u00e9m da agilidade no processo de compra, esse modelo elimina a necessidade de pagamento de tarifas a ag\u00eancias de viagens e gera economia aos cofres p\u00fablicos\u201d, explica o secret\u00e1rio de Gest\u00e3o do Minist\u00e9rio do Planejamento, Desenvolvimento e Gest\u00e3o, Gleisson Rubin.<\/p>\n<p>&nbsp;<\/p>\n<p>Atualmente, as empresas que fornecem passagens diretamente ao setor p\u00fablico federal s\u00e3o Avianca, Azul, Gol, Latam e MAP Linhas A\u00e9reas. Esse modelo \u00e9 utilizado na emiss\u00e3o de bilhetes nacionais, que representam cerca de 95% do total adquirido por ano. Todas as pesquisas e escolhas de viagens ficam armazenadas no Sistema de Concess\u00e3o de Di\u00e1rias e Passagens (SCDP) para posterior consulta e auditoria.<\/p>\n<p>&nbsp;<\/p>\n<p>A compra direta, feita desde julho de 2014, havia sido suspensa em janeiro de 2018 pelo fim da vig\u00eancia do artigo 59 da Lei n\u00ba 13.043\/2014. Enquanto a pr\u00e1tica esteve suspensa, os \u00f3rg\u00e3os e entidades ficaram temporariamente autorizados a celebrar contratos com ag\u00eancias de viagens para a aquisi\u00e7\u00e3o de bilhetes nacionais. Nesses casos, o recolhimento dos tributos federais obedeceu \u00e0 regra geral. A reten\u00e7\u00e3o foi realizada pela administra\u00e7\u00e3o p\u00fablica federal.<\/p>\n<p>&nbsp;<\/p>\n<p><em>Bras\u00edlia, 17h27min<\/em><\/p>\n","protected":false},"excerpt":{"rendered":"<p>O governo publicou nesta sexta-feira, 2, a Medida Provis\u00f3ria n\u00ba 822\/2018, que restabelece as condi\u00e7\u00f5es legais para a compra direta de passagens a\u00e9reas para servidores em deslocamentos a servi\u00e7o. Com a MP, o pagamento dos tributos federais relativos \u00e0 venda de bilhetes continua regularmente, mas volta a ser feito pelas pr\u00f3prias companhias a\u00e9reas, como em [&hellip;]<\/p>\n","protected":false},"author":22,"featured_media":0,"comment_status":"open","ping_status":"closed","sticky":false,"template":"","format":"standard","meta":{"footnotes":""},"categories":[600],"tags":[3178,2639,2041],"class_list":["post-7337","post","type-post","status-publish","format-standard","hentry","category-economia","tag-compra-direta","tag-medida-provisoria","tag-passagens-aereas"],"_links":{"self":[{"href":"https:\/\/blogs.correiobraziliense.com.br\/vicente\/wp-json\/wp\/v2\/posts\/7337","targetHints":{"allow":["GET"]}}],"collection":[{"href":"https:\/\/blogs.correiobraziliense.com.br\/vicente\/wp-json\/wp\/v2\/posts"}],"about":[{"href":"https:\/\/blogs.correiobraziliense.com.br\/vicente\/wp-json\/wp\/v2\/types\/post"}],"author":[{"embeddable":true,"href":"https:\/\/blogs.correiobraziliense.com.br\/vicente\/wp-json\/wp\/v2\/users\/22"}],"replies":[{"embeddable":true,"href":"https:\/\/blogs.correiobraziliense.com.br\/vicente\/wp-json\/wp\/v2\/comments?post=7337"}],"version-history":[{"count":1,"href":"https:\/\/blogs.correiobraziliense.com.br\/vicente\/wp-json\/wp\/v2\/posts\/7337\/revisions"}],"predecessor-version":[{"id":7338,"href":"https:\/\/blogs.correiobraziliense.com.br\/vicente\/wp-json\/wp\/v2\/posts\/7337\/revisions\/7338"}],"wp:attachment":[{"href":"https:\/\/blogs.correiobraziliense.com.br\/vicente\/wp-json\/wp\/v2\/media?parent=7337"}],"wp:term":[{"taxonomy":"category","embeddable":true,"href":"https:\/\/blogs.correiobraziliense.com.br\/vicente\/wp-json\/wp\/v2\/categories?post=7337"},{"taxonomy":"post_tag","embeddable":true,"href":"https:\/\/blogs.correiobraziliense.com.br\/vicente\/wp-json\/wp\/v2\/tags?post=7337"}],"curies":[{"name":"wp","href":"https:\/\/api.w.org\/{rel}","templated":true}]}}