{"id":7335,"date":"2018-03-02T15:18:48","date_gmt":"2018-03-02T18:18:48","guid":{"rendered":"https:\/\/blogs.correiobraziliense.com.br\/vicente\/?p=7335"},"modified":"2018-03-02T15:18:48","modified_gmt":"2018-03-02T18:18:48","slug":"87-das-empresas-do-brasil-pretendem-contratar-funcionarios-em-2018-diz-estudo","status":"publish","type":"post","link":"https:\/\/blogs.correiobraziliense.com.br\/vicente\/87-das-empresas-do-brasil-pretendem-contratar-funcionarios-em-2018-diz-estudo\/","title":{"rendered":"87% das empresas do Brasil pretendem contratar funcion\u00e1rios em 2018, diz estudo"},"content":{"rendered":"<h2>HAMILTON FERRARI<\/h2>\n<h2>Um levantamento feito pelo Hays, um grupo internacional de recrutamento, mostrou que 87% das empresas do Brasil pretendem contratar funcion\u00e1rios em 2018. A tend\u00eancia \u00e9 de que abram mais vagas no setor de engenharia e manufatura (23,56%), min\u00e9rio e energia (15,38%) e varejo e consumo (13,46%).<\/h2>\n<h2><\/h2>\n<p>A pesquisa mostrou ainda que, mesmo com a reforma trabalhista, que permitiu a contrata\u00e7\u00e3o tempor\u00e1ria, 72% dos cargos esperados ser\u00e3o permanentes. Segundo o estudo, para a maioria das empresas ser\u00e1 importante fornecer os benef\u00edcios para atrair trabalhadores, como plano de sa\u00fade (92%), flexibilidade no hor\u00e1rio de trabalho (67%) e home office (51%).<\/p>\n<p>&nbsp;<\/p>\n<p>O grupo Hays mostrou ainda que 32% dos empregados est\u00e3o preocupados com a rotatividade da empresa. Em 2017, 50% dos entrevistados considerou mudar de emprego, principalmente pela insatisfa\u00e7\u00e3o com os sal\u00e1rios. Entre 2016 e 2017, 60% das empresas demitiram. A pesquisa ouviu 250 empresas de todos os portes e analisou a percep\u00e7\u00e3o de 2,5 mil profissionais.<\/p>\n<p>&nbsp;<\/p>\n<p><em>Bras\u00edlia, 15h18min<\/em><\/p>\n","protected":false},"excerpt":{"rendered":"<p>HAMILTON FERRARI Um levantamento feito pelo Hays, um grupo internacional de recrutamento, mostrou que 87% das empresas do Brasil pretendem contratar funcion\u00e1rios em 2018. A tend\u00eancia \u00e9 de que abram mais vagas no setor de engenharia e manufatura (23,56%), min\u00e9rio e energia (15,38%) e varejo e consumo (13,46%). A pesquisa mostrou ainda que, mesmo com [&hellip;]<\/p>\n","protected":false},"author":22,"featured_media":0,"comment_status":"open","ping_status":"closed","sticky":false,"template":"","format":"standard","meta":{"footnotes":""},"categories":[600],"tags":[2841,1343,1109,3177,2401],"class_list":["post-7335","post","type-post","status-publish","format-standard","hentry","category-economia","tag-contratacao","tag-emprego","tag-empresas","tag-hays","tag-vagas"],"_links":{"self":[{"href":"https:\/\/blogs.correiobraziliense.com.br\/vicente\/wp-json\/wp\/v2\/posts\/7335","targetHints":{"allow":["GET"]}}],"collection":[{"href":"https:\/\/blogs.correiobraziliense.com.br\/vicente\/wp-json\/wp\/v2\/posts"}],"about":[{"href":"https:\/\/blogs.correiobraziliense.com.br\/vicente\/wp-json\/wp\/v2\/types\/post"}],"author":[{"embeddable":true,"href":"https:\/\/blogs.correiobraziliense.com.br\/vicente\/wp-json\/wp\/v2\/users\/22"}],"replies":[{"embeddable":true,"href":"https:\/\/blogs.correiobraziliense.com.br\/vicente\/wp-json\/wp\/v2\/comments?post=7335"}],"version-history":[{"count":1,"href":"https:\/\/blogs.correiobraziliense.com.br\/vicente\/wp-json\/wp\/v2\/posts\/7335\/revisions"}],"predecessor-version":[{"id":7336,"href":"https:\/\/blogs.correiobraziliense.com.br\/vicente\/wp-json\/wp\/v2\/posts\/7335\/revisions\/7336"}],"wp:attachment":[{"href":"https:\/\/blogs.correiobraziliense.com.br\/vicente\/wp-json\/wp\/v2\/media?parent=7335"}],"wp:term":[{"taxonomy":"category","embeddable":true,"href":"https:\/\/blogs.correiobraziliense.com.br\/vicente\/wp-json\/wp\/v2\/categories?post=7335"},{"taxonomy":"post_tag","embeddable":true,"href":"https:\/\/blogs.correiobraziliense.com.br\/vicente\/wp-json\/wp\/v2\/tags?post=7335"}],"curies":[{"name":"wp","href":"https:\/\/api.w.org\/{rel}","templated":true}]}}