{"id":7329,"date":"2018-03-02T10:18:49","date_gmt":"2018-03-02T13:18:49","guid":{"rendered":"https:\/\/blogs.correiobraziliense.com.br\/vicente\/?p=7329"},"modified":"2018-03-02T11:41:04","modified_gmt":"2018-03-02T14:41:04","slug":"o-sobe-e-desce-dos-precos-da-gasolina-no-fim-de-semana","status":"publish","type":"post","link":"https:\/\/blogs.correiobraziliense.com.br\/vicente\/o-sobe-e-desce-dos-precos-da-gasolina-no-fim-de-semana\/","title":{"rendered":"O sobe e desce dos pre\u00e7os da gasolina no fim de semana"},"content":{"rendered":"<h2>HAMILTON FERRARI<\/h2>\n<h2><\/h2>\n<h2>Os consumidores devem acender o sinal de alerta. Os postos decidiram fazer mudan\u00e7as nos pre\u00e7os da gasolina nas bombas neste fim de semana, alguns reduzindo os valores, outros, reajustando-os. No Setor de Ind\u00fastrias Gr\u00e1ficas (SIG), dois postos diminu\u00edram os pre\u00e7os de R$ 4,259 para R$ 4,229 o litro. \u00c9 pouco, mas, para quem costuma abastecer o carro com frequ\u00eancia, faz a diferen\u00e7a.<\/h2>\n<p>&nbsp;<\/p>\n<p>Em \u00c1guas Claras, \u00e0s margens da EPTG, os pre\u00e7os da gasolina aumentaram, de R$ 3,899 para R$ 3,949. Mesmo assim, as filas t\u00eam sido constantes, pois est\u00e1 raro encontrar o litro do combust\u00edvel por menos de R$ 4. Os especialistas recomendam um pouco de paci\u00eancia, pois o momento n\u00e3o \u00e9 de desperd\u00edcio. Qualquer economia sempre \u00e9 bem-vinda em tempos de or\u00e7amento familiar apertado.<\/p>\n<p>&nbsp;<\/p>\n<p><a href=\"https:\/\/blogs.correiobraziliense.com.br\/vicente\/wp-content\/uploads\/sites\/16\/2018\/03\/GasolinaAguasClaras.jpg\" rel=\"attachment wp-att-7330\"><img loading=\"lazy\" decoding=\"async\" class=\"alignnone size-large wp-image-7330\" src=\"https:\/\/blogs.correiobraziliense.com.br\/vicente\/wp-content\/uploads\/sites\/16\/2018\/03\/GasolinaAguasClaras-882x1024.jpg\" alt=\"GasolinaAguasClaras\" width=\"882\" height=\"1024\" srcset=\"https:\/\/blogs.correiobraziliense.com.br\/vicente\/wp-content\/uploads\/sites\/16\/2018\/03\/GasolinaAguasClaras-882x1024.jpg 882w, https:\/\/blogs.correiobraziliense.com.br\/vicente\/wp-content\/uploads\/sites\/16\/2018\/03\/GasolinaAguasClaras-258x300.jpg 258w, https:\/\/blogs.correiobraziliense.com.br\/vicente\/wp-content\/uploads\/sites\/16\/2018\/03\/GasolinaAguasClaras-768x892.jpg 768w, https:\/\/blogs.correiobraziliense.com.br\/vicente\/wp-content\/uploads\/sites\/16\/2018\/03\/GasolinaAguasClaras-301x350.jpg 301w, https:\/\/blogs.correiobraziliense.com.br\/vicente\/wp-content\/uploads\/sites\/16\/2018\/03\/GasolinaAguasClaras-550x639.jpg 550w, https:\/\/blogs.correiobraziliense.com.br\/vicente\/wp-content\/uploads\/sites\/16\/2018\/03\/GasolinaAguasClaras-230x267.jpg 230w, https:\/\/blogs.correiobraziliense.com.br\/vicente\/wp-content\/uploads\/sites\/16\/2018\/03\/GasolinaAguasClaras.jpg 1102w\" sizes=\"auto, (max-width: 882px) 100vw, 882px\" \/><\/a><\/p>\n<p>&nbsp;<\/p>\n<p>Tamb\u00e9m na EPTG, mas na altura do Guar\u00e1, houve aumento no pre\u00e7os da gasolina, de R$ 4,099 para R$ 4,129. Segundo os consumidores que costumam abastecer no Posto Garantia, a surpresa foi grande, uma vez que se esperava a manuten\u00e7\u00e3o dos valores nas bombas, j\u00e1 que a Petrobras n\u00e3o tem mexido muito nos pre\u00e7os praticados na refinaria.<\/p>\n<p>&nbsp;<\/p>\n<p><a href=\"https:\/\/blogs.correiobraziliense.com.br\/vicente\/wp-content\/uploads\/sites\/16\/2018\/03\/GasolinaAguasClaras1.jpg\" rel=\"attachment wp-att-7331\"><img loading=\"lazy\" decoding=\"async\" class=\"alignnone size-large wp-image-7331\" src=\"https:\/\/blogs.correiobraziliense.com.br\/vicente\/wp-content\/uploads\/sites\/16\/2018\/03\/GasolinaAguasClaras1-953x1024.jpg\" alt=\"GasolinaAguasClaras1\" width=\"953\" height=\"1024\" srcset=\"https:\/\/blogs.correiobraziliense.com.br\/vicente\/wp-content\/uploads\/sites\/16\/2018\/03\/GasolinaAguasClaras1-953x1024.jpg 953w, https:\/\/blogs.correiobraziliense.com.br\/vicente\/wp-content\/uploads\/sites\/16\/2018\/03\/GasolinaAguasClaras1-279x300.jpg 279w, https:\/\/blogs.correiobraziliense.com.br\/vicente\/wp-content\/uploads\/sites\/16\/2018\/03\/GasolinaAguasClaras1-768x825.jpg 768w, https:\/\/blogs.correiobraziliense.com.br\/vicente\/wp-content\/uploads\/sites\/16\/2018\/03\/GasolinaAguasClaras1-326x350.jpg 326w, https:\/\/blogs.correiobraziliense.com.br\/vicente\/wp-content\/uploads\/sites\/16\/2018\/03\/GasolinaAguasClaras1-550x591.jpg 550w, https:\/\/blogs.correiobraziliense.com.br\/vicente\/wp-content\/uploads\/sites\/16\/2018\/03\/GasolinaAguasClaras1-230x247.jpg 230w, https:\/\/blogs.correiobraziliense.com.br\/vicente\/wp-content\/uploads\/sites\/16\/2018\/03\/GasolinaAguasClaras1.jpg 1191w\" sizes=\"auto, (max-width: 953px) 100vw, 953px\" \/><\/a><\/p>\n<p>&nbsp;<\/p>\n<p>Para o servidor p\u00fablico Juliano Santos Silva, 51 anos, os postos est\u00e3o mais preocupados em ampliar as margens de lucro do que em beneficiar os consumidores. Segundo a Petrobras j\u00e1 mostrou, entre o valor cobrado nas refinarias e os definidos da bomba, os motoristas pagam mais do que o dobro. &#8220;Isso n\u00e3o \u00e9 aceit\u00e1vel&#8221;, afirma.<\/p>\n<p>&nbsp;<\/p>\n<p>O governo est\u00e1 pressionando o Conselho Administrativo de Defesa Econ\u00f4mica (Cade) para que acelere as investiga\u00e7\u00f5es a fim de comprovar se h\u00e1 cartel entre os postos, ou seja, se eles combinam os pre\u00e7os para lesar a popula\u00e7\u00e3o. No Distrito Federal, isso ficou evidente no fim de 2015, quando o Cade, o Minist\u00e9rio P\u00fablico e a Pol\u00edcia Federal fizeram uma opera\u00e7\u00e3o conjunta e desbarataram uma quadrilha.<\/p>\n<p>&nbsp;<\/p>\n<p>&#8220;A sensa\u00e7\u00e3o da popula\u00e7\u00e3o \u00e9 de que ela est\u00e1 desprotegida. Espero que esse movimento do governo para punir a forma\u00e7\u00e3o de cartel n\u00e3o seja apenas propaganda pol\u00edtica. Realmente, h\u00e1 muita coisa errada nos postos de combust\u00edveis&#8221;, refor\u00e7a o maquinista C\u00e9lio Cardoso, 37. &#8220;Vamos ver no que essas investiga\u00e7\u00f5es v\u00e3o dar&#8221;, acrescenta.<\/p>\n<p>&nbsp;<\/p>\n<p><em>Bras\u00edlia, 10h18min<\/em><\/p>\n","protected":false},"excerpt":{"rendered":"<p>HAMILTON FERRARI Os consumidores devem acender o sinal de alerta. Os postos decidiram fazer mudan\u00e7as nos pre\u00e7os da gasolina nas bombas neste fim de semana, alguns reduzindo os valores, outros, reajustando-os. No Setor de Ind\u00fastrias Gr\u00e1ficas (SIG), dois postos diminu\u00edram os pre\u00e7os de R$ 4,259 para R$ 4,229 o litro. \u00c9 pouco, mas, para quem [&hellip;]<\/p>\n","protected":false},"author":22,"featured_media":0,"comment_status":"open","ping_status":"closed","sticky":false,"template":"","format":"standard","meta":{"footnotes":""},"categories":[600],"tags":[268,228,1961,390],"class_list":["post-7329","post","type-post","status-publish","format-standard","hentry","category-economia","tag-gasolina","tag-petrobras","tag-postos","tag-precos"],"_links":{"self":[{"href":"https:\/\/blogs.correiobraziliense.com.br\/vicente\/wp-json\/wp\/v2\/posts\/7329","targetHints":{"allow":["GET"]}}],"collection":[{"href":"https:\/\/blogs.correiobraziliense.com.br\/vicente\/wp-json\/wp\/v2\/posts"}],"about":[{"href":"https:\/\/blogs.correiobraziliense.com.br\/vicente\/wp-json\/wp\/v2\/types\/post"}],"author":[{"embeddable":true,"href":"https:\/\/blogs.correiobraziliense.com.br\/vicente\/wp-json\/wp\/v2\/users\/22"}],"replies":[{"embeddable":true,"href":"https:\/\/blogs.correiobraziliense.com.br\/vicente\/wp-json\/wp\/v2\/comments?post=7329"}],"version-history":[{"count":1,"href":"https:\/\/blogs.correiobraziliense.com.br\/vicente\/wp-json\/wp\/v2\/posts\/7329\/revisions"}],"predecessor-version":[{"id":7332,"href":"https:\/\/blogs.correiobraziliense.com.br\/vicente\/wp-json\/wp\/v2\/posts\/7329\/revisions\/7332"}],"wp:attachment":[{"href":"https:\/\/blogs.correiobraziliense.com.br\/vicente\/wp-json\/wp\/v2\/media?parent=7329"}],"wp:term":[{"taxonomy":"category","embeddable":true,"href":"https:\/\/blogs.correiobraziliense.com.br\/vicente\/wp-json\/wp\/v2\/categories?post=7329"},{"taxonomy":"post_tag","embeddable":true,"href":"https:\/\/blogs.correiobraziliense.com.br\/vicente\/wp-json\/wp\/v2\/tags?post=7329"}],"curies":[{"name":"wp","href":"https:\/\/api.w.org\/{rel}","templated":true}]}}