{"id":7327,"date":"2018-03-02T06:07:01","date_gmt":"2018-03-02T09:07:01","guid":{"rendered":"https:\/\/blogs.correiobraziliense.com.br\/vicente\/?p=7327"},"modified":"2018-03-02T11:16:25","modified_gmt":"2018-03-02T14:16:25","slug":"correio-economico-as-divergencias-do-mercado-sobre-os-juros","status":"publish","type":"post","link":"https:\/\/blogs.correiobraziliense.com.br\/vicente\/correio-economico-as-divergencias-do-mercado-sobre-os-juros\/","title":{"rendered":"Correio Econ\u00f4mico: As diverg\u00eancias do mercado sobre os juros"},"content":{"rendered":"<h2>ANTONIO TEM\u00d3TEO<\/h2>\n<h2><\/h2>\n<h2>A reuni\u00e3o trimestral realizada ontem em S\u00e3o Paulo pelo diretor de Pol\u00edtica Econ\u00f4mica do Banco Central (BC), Carlos Viana, com economistas teve alguns momentos de tens\u00e3o. Uma das principais cobran\u00e7as dos analistas que visitaram a sede da autoridade monet\u00e1ria na Avenida Paulista foi a mudan\u00e7a no formato do encontro. Segundo os convidados, as diretorias anteriores faziam reuni\u00f5es menores e havia uma interlocu\u00e7\u00e3o maior entre as partes, sem que qualquer regra fosse desrespeitada ou informa\u00e7\u00e3o privilegiada fosse repassada aos ouvintes.<\/h2>\n<p>&nbsp;<\/p>\n<p>Quem participou das reuni\u00f5es promovidas por Viana reclamou que ele entra mudo e sai calado. Al\u00e9m disso, os economistas deixaram claro que a \u00faltima comunica\u00e7\u00e3o da reuni\u00e3o do Comit\u00ea de Pol\u00edtica Monet\u00e1ria (Copom) foi confusa. Eles detalharam que, no comunicado ap\u00f3s a decis\u00e3o de reduzir a taxa b\u00e1sica de juros (Selic) em 0,25 ponto percentual, para 6,75% ao ano, o BC \u201cfechou a porta\u201d e sinalizou claramente que o ciclo de cortes tinha chegado ao fim. Entretanto, os especialistas ressaltaram que a \u201cporta foi destrancada e aberta\u201d ap\u00f3s a ata do Copom sinalizar uma diverg\u00eancia entre os integrantes do colegiado e indicar que uma nova queda de 0,25 ponto percentual poderia ocorrer.<\/p>\n<p>&nbsp;<\/p>\n<p>Os economistas ainda destacaram, no encontro, que a mediana das expectativas para infla\u00e7\u00e3o tendem a se aproximar de 3,5% nas pr\u00f3ximas semanas, diante das surpresas inflacion\u00e1rias e da aus\u00eancia de press\u00f5es de curto prazo. O boletim Focus, publicado na \u00faltima segunda-feira, aponta que a mediana para o \u00cdndice de Pre\u00e7os ao Consumidor Amplo (IPCA) est\u00e1 em 3,73% e acumula quatro quedas consecutivas. H\u00e1 quatro semanas estava 3,95%.<\/p>\n<p>&nbsp;<\/p>\n<p>Os analistas relataram que esse movimento n\u00e3o est\u00e1 ligado somente \u00e0s surpresas positivas com alimentos, mas relacionadas \u00e0 redu\u00e7\u00e3o de pre\u00e7os dos servi\u00e7os e aos n\u00facleos de infla\u00e7\u00e3o baixos. \u201cUm dos colegas apontou que, se o BC entregou o IPCA em 2,95% em 2017 e as expectativas para 2018 est\u00e3o se aproximando de 3,5%, com uma meta de 4,5%, alguma coisa est\u00e1 errada. Claramente, a infla\u00e7\u00e3o n\u00e3o tem se comportado como o esperado e isso mostra que h\u00e1 espa\u00e7o a curto prazo para redu\u00e7\u00e3o de juros\u201d, disse.<\/p>\n<p>&nbsp;<\/p>\n<p>Outro analista afirmou que ficou claro, durante o encontro, que um grupo se mostrava favor\u00e1vel \u00e0 queda de juros e outro \u00e0 manuten\u00e7\u00e3o do patamar atual por mais tempo. Parte do mercado j\u00e1 precifica alta de juros a partir do primeiro trimestre de 2019, quando haveria uma perspectiva de que a economia estaria novamente aquecida, o que exigiria um freio para evitar que a infla\u00e7\u00e3o se transformasse de novo em problema. O \u00fanico momento de descontra\u00e7\u00e3o ocorreu quando um analista sugeriu a possibilidade de queda de juros e movimento de parada no processo para avaliar os efeitos. \u201cEssa estrat\u00e9gia \u00e9 da Anitta, que faz a uma paradinha\u201d, disse um dos participantes, em alus\u00e3o \u00e0 m\u00fasica da cantora carioca.<\/p>\n<p>&nbsp;<\/p>\n<p><strong>Debate<\/strong><\/p>\n<p>&nbsp;<\/p>\n<p>Ap\u00f3s a press\u00e3o dos analistas, o diretor de Pol\u00edtica Econ\u00f4mica do BC deu alguns recados. Segundo Viana, o Focus n\u00e3o faz parte do cen\u00e1rio base da autoridade monet\u00e1ria e \u00e9 usado para algumas an\u00e1lises. Al\u00e9m disso, ressaltou que os resultados da infla\u00e7\u00e3o corrente s\u00e3o como se o motorista estivesse olhando pelo retrovisor, para uma situa\u00e7\u00e3o que j\u00e1 passou. \u201cEle deixou claro que o IPCA s\u00f3 \u00e9 importante quando traz alguma variante que mude o cen\u00e1rio prospectivo. Mas isso est\u00e1 ocorrendo agora e parece que n\u00e3o est\u00e1 claro para a autoridade monet\u00e1ria\u201d, disse outro economista.<\/p>\n<p>&nbsp;<\/p>\n<p>Viana relembrou que o momento atual parece muito com o que ocorreu durante o in\u00edcio do ciclo de queda de juros, quando parte do mercado debatia se a Selic ficaria em 10% ou 9%, diante da resili\u00eancia da infla\u00e7\u00e3o, que n\u00e3o dava sinais concretos de queda. \u201cDe fato, a infla\u00e7\u00e3o cedeu e o BC cortou juros. Mas, agora, os n\u00facleos est\u00e3o abaixo de 4%. Parece-me que diante dessa linha de racioc\u00ednio, o ideal seria continuar cortando\u201d, destacou um economista ouvido pela coluna.<\/p>\n<p>&nbsp;<\/p>\n<p>Outro analista destacou que toda essa mudan\u00e7a de cen\u00e1rio, com um crescimento econ\u00f4mico ainda lento e gradual, alinhado com infla\u00e7\u00e3o comportada, afetar\u00e1 as proje\u00e7\u00f5es do BC que devem vir mais baixas na pr\u00f3xima ata do Copom e, sobretudo, no Relat\u00f3rio Trimestral de Infla\u00e7\u00e3o (RTI), que traz uma s\u00e9rie de proje\u00e7\u00f5es e detalhamentos e ser\u00e1 publicado em 29 de mar\u00e7o.<\/p>\n<p>&nbsp;<\/p>\n<p><em>Bras\u00edlia, 06h07min<\/em><\/p>\n","protected":false},"excerpt":{"rendered":"<p>ANTONIO TEM\u00d3TEO A reuni\u00e3o trimestral realizada ontem em S\u00e3o Paulo pelo diretor de Pol\u00edtica Econ\u00f4mica do Banco Central (BC), Carlos Viana, com economistas teve alguns momentos de tens\u00e3o. Uma das principais cobran\u00e7as dos analistas que visitaram a sede da autoridade monet\u00e1ria na Avenida Paulista foi a mudan\u00e7a no formato do encontro. Segundo os convidados, as [&hellip;]<\/p>\n","protected":false},"author":22,"featured_media":0,"comment_status":"open","ping_status":"closed","sticky":false,"template":"","format":"standard","meta":{"footnotes":""},"categories":[600],"tags":[3,1009,224,14,4],"class_list":["post-7327","post","type-post","status-publish","format-standard","hentry","category-economia","tag-banco-central","tag-carlos-viana","tag-divergencias","tag-inflacao","tag-juros"],"_links":{"self":[{"href":"https:\/\/blogs.correiobraziliense.com.br\/vicente\/wp-json\/wp\/v2\/posts\/7327","targetHints":{"allow":["GET"]}}],"collection":[{"href":"https:\/\/blogs.correiobraziliense.com.br\/vicente\/wp-json\/wp\/v2\/posts"}],"about":[{"href":"https:\/\/blogs.correiobraziliense.com.br\/vicente\/wp-json\/wp\/v2\/types\/post"}],"author":[{"embeddable":true,"href":"https:\/\/blogs.correiobraziliense.com.br\/vicente\/wp-json\/wp\/v2\/users\/22"}],"replies":[{"embeddable":true,"href":"https:\/\/blogs.correiobraziliense.com.br\/vicente\/wp-json\/wp\/v2\/comments?post=7327"}],"version-history":[{"count":1,"href":"https:\/\/blogs.correiobraziliense.com.br\/vicente\/wp-json\/wp\/v2\/posts\/7327\/revisions"}],"predecessor-version":[{"id":7328,"href":"https:\/\/blogs.correiobraziliense.com.br\/vicente\/wp-json\/wp\/v2\/posts\/7327\/revisions\/7328"}],"wp:attachment":[{"href":"https:\/\/blogs.correiobraziliense.com.br\/vicente\/wp-json\/wp\/v2\/media?parent=7327"}],"wp:term":[{"taxonomy":"category","embeddable":true,"href":"https:\/\/blogs.correiobraziliense.com.br\/vicente\/wp-json\/wp\/v2\/categories?post=7327"},{"taxonomy":"post_tag","embeddable":true,"href":"https:\/\/blogs.correiobraziliense.com.br\/vicente\/wp-json\/wp\/v2\/tags?post=7327"}],"curies":[{"name":"wp","href":"https:\/\/api.w.org\/{rel}","templated":true}]}}